{"provider_url": "https://www.adamantina.sp.leg.br", "title": "Resumo 66\u00aa Sess\u00e3o Ordin\u00e1ria", "html": "<p style=\"text-align: justify; \">No \u00faltimo dia 19 esta Casa de Leis realizou a 66\u00aa Sess\u00e3o Ordin\u00e1ria desta Legislatura.</p>\r\n<p style=\"text-align: justify; \">Conforme <a class=\"external-link\" href=\"https://sapl.adamantina.sp.leg.br/media/sapl/public/materialegislativa/2024/15518/circular_005.pdf\" target=\"_blank\" title=\"\">Circular n\u00ba 005/2024</a> foram apreciados e votados os projetos como segue:</p>\r\n<p style=\"text-align: center; \"><b><span>EM SEGUNDA DISCUSS\u00c3O E REDA\u00c7\u00c3O FINAL</span></b></p>\r\n<p style=\"text-align: justify; \"><b><a class=\"external-link\" href=\"https://sapl.adamantina.sp.leg.br/media/sapl/public/materialegislativa/2023/15372/64a_projeto_de_lei_114_-_m_140_-_atualizacao_lei_das_antenas_-_5g.pdf\" target=\"_blank\" title=\"\">Projeto de Lei n\u00ba 114/2023</a></b><span> \u2013 PM \u2013 que \u201cDisp\u00f5e sobre o procedimento para a instala\u00e7\u00e3o de infraestrutura de suporte para Esta\u00e7\u00e3o Transmissora de Radiocomunica\u00e7\u00e3o - ETR autorizada pela Ag\u00eancia Nacional de Telecomunica\u00e7\u00f5es - ANATEL, nos termos da legisla\u00e7\u00e3o federal vigente.\u201d</span></p>\r\n<p style=\"text-align: justify; \">\u00a0</p>\r\n<p style=\"text-align: center; \"><b><span>EM DISCUSS\u00c3O \u00daNICA</span></b></p>\r\n<p style=\"text-align: justify; \"><b><a class=\"external-link\" href=\"https://sapl.adamantina.sp.leg.br/media/sapl/public/materialegislativa/2023/15429/65a_projeto_de_lei_116.pdf\" target=\"_blank\" title=\"\">Projeto de Lei n\u00ba 116/2023</a></b><span> \u2013 Vereadores H\u00e9lio Jos\u00e9 dos Santos, Noriko Onishi Saito, Ricardo Soares Cangir\u00e3o, Cid Jos\u00e9 Aparecido dos Santos, Ant\u00f4nio Le\u00f4ncio da Silva e Rafael Rodrigues Pacheco \u2013 que \u201cDisp\u00f5e sobre a denomina\u00e7\u00e3o de logradouros p\u00fablicos do Residencial Santa Helena.\u201d</span></p>\r\n<p style=\"text-align: justify; \"><b><span><a class=\"external-link\" href=\"https://sapl.adamantina.sp.leg.br/media/sapl/public/materialegislativa/2023/15445/65a_projeto_de_lei_118_m_143_-_altera_o_artigo_2o_da_lei_3765_-_altera_composicao_comtur.pdf\" target=\"_blank\" title=\"\">Projeto de Lei n\u00ba 118/2023</a></span></b> \u2013 PM \u2013 que \u201cDisp\u00f5e sobre a altera\u00e7\u00e3o do artigo 2\u00ba da Lei n\u00ba 3.765, de 11 de julho de 2017, alterada pela Lei n\u00ba 3.831, de 03 de julho de 2018, e d\u00e1 outras provid\u00eancias, para altera\u00e7\u00e3o na composi\u00e7\u00e3o dos representantes do Conselho Municipal de Turismo.\u201d</p>\r\n<p style=\"text-align: justify; \"><b><span><a class=\"external-link\" href=\"https://sapl.adamantina.sp.leg.br/media/sapl/public/materialegislativa/2024/15436/65a_projeto_de_lei_004_m_005_-_abertura_de_credito_suplementar_unifai_-_r_1.071.99840.pdf\" target=\"_blank\" title=\"\">Projeto de Lei n\u00ba 004/2024</a></span></b> \u2013 PM \u2013 que \u201cDisp\u00f5e sobre autoriza\u00e7\u00e3o para <i>abertura de cr\u00e9dito adicional suplementar </i>ao Or\u00e7amento da Prefeitura do Munic\u00edpio de Adamantina no valor total de R$ 1.071.998,40 (um milh\u00e3o, setenta e um mil, novecentos e noventa e oito reais e quarenta centavos) para refor\u00e7o de dota\u00e7\u00f5es or\u00e7ament\u00e1rias da FAI.\u201d</p>\r\n<p style=\"text-align: justify; \"><b><span><a class=\"external-link\" href=\"https://sapl.adamantina.sp.leg.br/media/sapl/public/materialegislativa/2024/15439/65a_projeto_de_lei_005_m_006_-_abertura_de_credito_suplementar_r_3_436_50000_-__recape.pdf\" target=\"_blank\" title=\"\">Projeto de Lei n\u00ba 005/2024</a></span></b> \u2013 PM \u2013 que \u201cDisp\u00f5e sobre autoriza\u00e7\u00e3o para <i>abertura de cr\u00e9dito adicional suplementar </i>ao Or\u00e7amento da Prefeitura do Munic\u00edpio de Adamantina no valor total de R$ 3.133.500,00 para recapeamento asf\u00e1ltico em v\u00e1rias ruas da cidade e d\u00e1 outras provid\u00eancias.\u201d</p>\r\n<p style=\"text-align: justify; \"><b><span><a class=\"external-link\" href=\"https://sapl.adamantina.sp.leg.br/media/sapl/public/materialegislativa/2024/15440/65a_projeto_de_lei_006_m_007_-_altera_o_lc_432_-_gratificacao_de_funcao_dep_licitacao.pdf\" target=\"_blank\" title=\"\">Projeto de Lei n\u00ba 006/2024</a></span></b> \u2013 PM \u2013 que \u201cDisp\u00f5e sobre a altera\u00e7\u00e3o do artigo 3\u00ba da Lei Complementar n\u00ba 432, de 18 de maio de 2023, que disp\u00f5e sobre atribui\u00e7\u00e3o de gratifica\u00e7\u00e3o de fun\u00e7\u00e3o para servidores que desempenham atividades de suporte ao Departamento de Licita\u00e7\u00f5es e Contratos e d\u00e1 outras provid\u00eancias.\u201d (mudando o nome de Presidente de Sess\u00e3o para Agente de Contrata\u00e7\u00f5es de Licita\u00e7\u00e3o)</p>\r\n<p style=\"text-align: justify; \"><a class=\"external-link\" href=\"https://sapl.adamantina.sp.leg.br/media/sapl/public/materialegislativa/2024/15441/65a_projeto_de_lei_007_m_008_-abertura_de_credito_r_190.35885_-_reforma_rodoviaria_mit.pdf\" target=\"_blank\" title=\"\"><b><span>Projeto de Lei n\u00ba 007/2024</span></b> </a>\u2013 PM \u2013 que \u201cDisp\u00f5e sobre autoriza\u00e7\u00e3o para <i>abertura de cr\u00e9dito especial </i>ao Or\u00e7amento da Prefeitura do Munic\u00edpio de Adamantina no valor de R$ 190.358,85 e d\u00e1 outras provid\u00eancias.\u201d (contrapartida dos recursos para reforma do Terminal Rodovi\u00e1rio)</p>\r\n<p style=\"text-align: justify; \"><b><span><a class=\"external-link\" href=\"https://sapl.adamantina.sp.leg.br/media/sapl/public/materialegislativa/2024/15442/65a_projeto_de_lei_008_m_009_-_desafetacao_areas_-_ruas_continental_loteamentos_mv.pdf\" target=\"_blank\" title=\"\">Projeto de Lei n\u00ba 008/2024</a></span></b> \u2013 PM \u2013 que \u201cDisp\u00f5e sobre a transforma\u00e7\u00e3o das \u00e1reas descritas e d\u00e1 outras provid\u00eancias.\u201d (desafeta\u00e7\u00e3o de \u00e1reas que ser\u00e3o utilizadas para abertura de ruas para implanta\u00e7\u00e3o de novo lan\u00e7amento)</p>\r\n<p style=\"text-align: justify; \"><b><span><a class=\"external-link\" href=\"https://sapl.adamantina.sp.leg.br/media/sapl/public/materialegislativa/2024/15443/65a_projeto_de_lei_009_-_prolongamento_av._da_saudade.docx.pdf\" target=\"_blank\" title=\"\">Projeto de Lei n\u00ba 009/2024</a></span></b> \u2013 Vereadores Alcio Roberto Ikeda J\u00fanior e Paulo C\u00e9sar Cervelheira de Oliveira \u2013 que \u201cAltera a Lei n\u00ba 3.955, de 18 de dezembro de 2019, que disp\u00f5e sobre a denomina\u00e7\u00e3o de logradouro p\u00fablico e prolongamento da Avenida da Saudade e d\u00e1 outras provid\u00eancias.\u201d</p>\r\n<p style=\"text-align: justify; \">\u00a0</p>\r\n<p style=\"text-align: center; \"><b><span>EM PRIMEIRA DISCUSS\u00c3O</span></b></p>\r\n<p style=\"text-align: justify; \"><b><a class=\"external-link\" href=\"https://sapl.adamantina.sp.leg.br/media/sapl/public/materialegislativa/2024/15446/65a_projeto_de_lei_complementar_001_m_004_-__revoga_lc_362_-_reversao_de_lote_cidade_joia_-_pro_temper_vidros_eireli.pdf\" target=\"_blank\" title=\"\">Projeto de Lei Complementar n\u00ba 001/2024</a></b><span> \u2013 PM \u2013 que \u201cDisp\u00f5e sobre a revoga\u00e7\u00e3o da Lei Complementar n\u00ba 362, de 20 de mar\u00e7o de 2020, que disp\u00f5e sobre autoriza\u00e7\u00e3o para que o Chefe do Poder Executivo possa outorgar Concess\u00e3o de Direito Real de Uso Onerosa de Im\u00f3vel \u00e0 PRO TEMPER VIDROS EIRELI.\u201d</span></p>\r\n<p style=\"text-align: justify; \"><span>Todos os projetos foram aprovados.</span></p>\r\n<p style=\"text-align: justify; \"><span>Ainda, foram apresentados\u00a0<strong>9 Requerimentos</strong>,\u00a0<strong>18 Indica\u00e7\u00f5es</strong> e\u00a0<strong>1 Mo\u00e7\u00e3o de Congratula\u00e7\u00f5es e Aplausos</strong>.</span></p>\r\n<p>Assista na \u00edntegra a sess\u00e3o em nosso Canal no\u00a0<a class=\"external-link\" href=\"https://www.youtube.com/watch?v=gS7tpUyrL9U\" target=\"_blank\" title=\"\">YouTube</a>.</p>\r\n<p>A 67\u00aa Sess\u00e3o Ordin\u00e1ria ser\u00e1 realizada em 04 de mar\u00e7o de 2024</p>\r\n<p>Toda comunidade \u00e9 convidada a acompanhar as sess\u00f5es ao vivo pelo\u00a0<a class=\"external-link\" href=\"https://www.facebook.com/CamaraAdamantina\" target=\"_blank\" title=\"\">facebook</a>,\u00a0bem como pela\u00a0R\u00e1dio Cultura 99,3 FM, TV Cidade e nosso canal no\u00a0<a class=\"external-link\" href=\"https://youtube.com/@cmatransmissao\" target=\"_blank\" title=\"\">Youtube</a>.</p>\r\n<p style=\"text-align: justify; \"><span><br /></span></p>", "author_name": "", "version": "1.0", "author_url": "https://www.adamantina.sp.leg.br/author/adm", "provider_name": "C\u00e2mara Municipal de Adamantina", "type": "rich"}