{"provider_url": "https://www.adamantina.sp.leg.br", "title": "Resumo 66\u00aa Sess\u00e3o Ordin\u00e1ria", "html": "<p style=\"text-align: justify; \">Ontem, 07, a C\u00e2mara Municipal de Adamantina realizou a 66\u00aa Sess\u00e3o Ordin\u00e1ria. Foram apreciados e votados 25 Requerimentos, 28 Indica\u00e7\u00f5es e 3 Mo\u00e7\u00f5es de Congratula\u00e7\u00f5es e Aplausos.</p>\r\n<p style=\"text-align: justify; \">Tamb\u00e9m foram apreciados os Projetos abaixo conforme circular n\u00ba 008/16:</p>\r\n<p style=\"text-align: justify; \"><span>Foram aprovados, por unanimidade,\u00a0<strong>EM</strong><b>\u00a0DISCUSS\u00c3O \u00daNICA</b>:\u00a0</span><b>Projeto de Lei n\u00ba 002/16</b>,<span>\u00a0de autoria do \u00a0Vereador H\u00e9lio Jos\u00e9 dos Santos, que \u00a0altera o artigo 2\u00ba da Lei n\u00ba 3627/14, que disp\u00f5e sobre a denomina\u00e7\u00e3o do Conjunto Habitacional Governador M\u00e1rio Covas Junior II,\u00a0</span><b>Projeto de Lei n\u00ba 003/16</b><span>\u00a0 que disp\u00f5e sobre altera\u00e7\u00f5es na Lei Muncipal n\u00ba 3443/10, que institui o Programa Bolsa Talento Esportivo e d\u00e1 outras provid\u00eancias, e o\u00a0</span><b>Projeto de Lei n\u00ba 004/16</b><span>\u00a0 que disp\u00f5e sobre a concess\u00e3o de subven\u00e7\u00f5es e contribui\u00e7\u00f5es \u00e0s entidades de Adamantina. Os dois \u00faltimos s\u00e3o\u00a0</span><span>de autoria do Executivo.\u00a0</span></p>\r\n<p style=\"text-align: justify; \"><span></span><b>EM PRIMEIRA DISCUSS\u00c3O</b><span>, foi aprovado, tamb\u00e9m por unanimidade, o\u00a0</span><b>Projeto de Lei n\u00ba 001/16</b>,<span>\u00a0de autoria do executivo, que disp\u00f5e sobre a autoriza\u00e7\u00e3o para o Poder Executivo por meio do Departametno de D\u00edvida Ativa, deixar de promover a cobran\u00e7a judicial de d\u00e9bitos tribut\u00e1rios e n\u00e3o tribut\u00e1rios que n\u00e3o atinjam o m\u00ednimo de 200 (duzentas) Unidades Fiscais do Munic\u00edpio \u2013 UFMs.</span></p>\r\n<p style=\"text-align: justify; \"><span></span>O <strong>Projeto</strong><b> de Lei Complementar n\u00ba 339/15</b>, de autoria do executivo, que<span>\u00a0cria o Departamento de divis\u00e3o musical (maestro) e altera o Anexo II da Lei Municipal n\u00ba 2.289, de 30 de julho de 1990, que \u2018Disp\u00f5e sobre Regime Jur\u00eddico \u00danico, Plano de Classifica\u00e7\u00e3o de Cargos e Empregos, Quadro de Pessoal e Evolu\u00e7\u00e3o Funcional\u2019 e d\u00e1 outras provid\u00eancias\u2019, foi REJEITADO por 7 votos a 1, sendo favor\u00e1vel somente o vereador Luiz Carlos Galv\u00e3o. O\u00a0</span><b>Projeto de Lei Complementar n\u00ba 331/15</b>, de autoria do executivo, que d<span>isp\u00f5e sobre a altera\u00e7\u00e3o do Art. 1\u00ba da Lei Complementar n\u00ba 223/14, referente aos empregos permanentes e dos empregos em comiss\u00e3o da EMDA \u2013 Empresa Municipal de Desenvolvimento de Adamantina, e d\u00e1 outras provid\u00eancias,,foi RETIRADO PARA MELHORES ESTUDOS.</span></p>\r\n<p style=\"text-align: justify; \"><span>A pr\u00f3xima Sess\u00e3o Ordin\u00e1ria, ser\u00e1 realizada dia 21 de mar\u00e7o, \u00e0s 20h.\u00a0<span>Toda a comunidade \u00e9 convidada a acompanhar pessoalmente ou pela Radio J\u00f3ia AM,\u00a0</span><span>no Plen\u00e1rio Vereador Jos\u00e9 Ikeda\u00a0situado na Rua Osvaldo Cruz, 261 - t\u00e9rreo.</span><span>\u00a0</span></span></p>", "author_name": "adt", "version": "1.0", "author_url": "https://www.adamantina.sp.leg.br/author/adt", "provider_name": "C\u00e2mara Municipal de Adamantina", "type": "rich"}