{"provider_url": "https://www.adamantina.sp.leg.br", "title": "Resumo 65\u00aa Sess\u00e3o Ordin\u00e1ria", "html": "<p style=\"text-align: justify; \">Ontem, 05, a C\u00e2mara Municipal de Adamantina realizou a 65\u00aa Sess\u00e3o Ordin\u00e1ria desta Legislatura.</p>\r\n<p style=\"text-align: justify; \">Conforme <a class=\"external-link\" href=\"https://sapl.adamantina.sp.leg.br/media/sapl/public/materialegislativa/2024/15437/digitalizar.pdf\" target=\"_blank\" title=\"\">Circular\u00a0 n\u00ba 002/2024</a>, foi apreciado e votado,\u00a0<b>EM PRIMEIRA DISCUSS\u00c3O</b>, o\u00a0<a class=\"external-link\" href=\"https://sapl.adamantina.sp.leg.br/media/sapl/public/materialegislativa/2023/15372/64a_projeto_de_lei_114_-_m_140_-_atualizacao_lei_das_antenas_-_5g.pdf\" target=\"_blank\" title=\"\"><b>Projeto de Lei n\u00ba</b> <strong>114/2023</strong></a>,de autoria da Prefeitura Municipal,\u00a0<span>que \u201cDisp\u00f5e sobre o procedimento para a instala\u00e7\u00e3o de infraestrutura de suporte para Esta\u00e7\u00e3o Transmissora de Radiocomunica\u00e7\u00e3o - ETR autorizada pela Ag\u00eancia Nacional de Telecomunica\u00e7\u00f5es - ANATEL, nos termos da legisla\u00e7\u00e3o federal vigente.\u201d</span></p>\r\n<p style=\"text-align: justify; \"><span>O mencionado projeto foi aprovado por unanimidade.</span></p>\r\n<p style=\"text-align: justify; \"><span>Ainda, foram apresentados\u00a0<strong>16 Requerimentos</strong>,\u00a0<strong>23 Indica\u00e7\u00f5es</strong> e\u00a0<strong>2 Mo\u00e7\u00f5es de Congratula\u00e7\u00f5es e Aplausos</strong>.</span></p>\r\n<p>A reuni\u00e3o contou com a presen\u00e7a de todos os vereadores.</p>\r\n<p>Assista na \u00edntegra a sess\u00e3o em nosso Canal no <a class=\"external-link\" href=\"https://www.youtube.com/watch?v=v_JRHfVo1sQ\" target=\"_blank\" title=\"\">YouTube</a>.</p>\r\n<p>A 66\u00aa Sess\u00e3o Ordin\u00e1ria ser\u00e1 realizada em 19 de fevereiro de 2024</p>\r\n<p>Toda comunidade \u00e9 convidada a acompanhar as sess\u00f5es ao vivo pelo\u00a0<a class=\"external-link\" href=\"https://www.facebook.com/CamaraAdamantina\" target=\"_blank\" title=\"\">facebook</a>,\u00a0bem como pela\u00a0R\u00e1dio Cultura 99,3 FM, TV Cidade e nosso canal no\u00a0<a class=\"external-link\" href=\"https://youtube.com/@cmatransmissao\" target=\"_blank\" title=\"\">Youtube</a>.</p>", "author_name": "", "version": "1.0", "author_url": "https://www.adamantina.sp.leg.br/author/adm", "provider_name": "C\u00e2mara Municipal de Adamantina", "type": "rich"}