{"provider_url": "https://www.adamantina.sp.leg.br", "title": "Resumo 65\u00aa Sess\u00e3o Ordin\u00e1ria", "html": "<p style=\"text-align: justify; \">Ontem, (02), esta Casa de Leis realizou a 65\u00aa Sess\u00e3o Ordin\u00e1ria.</p>\r\n<p style=\"text-align: justify; \">Conforme <a class=\"external-link\" href=\"https://sapl.adamantina.sp.leg.br/media/sapl/public/materialegislativa/2019/10770/circular_051_65a_sessao_ordinaria.pdf\" target=\"_blank\" title=\"\">Circular n\u00ba 051/19</a> foram apreciados e votados os projetos os projetos como segue:</p>\r\n<p style=\"text-align: justify; \">\u00a0</p>\r\n<p style=\"text-align: justify; \"><b><span>EM SEGUNDA DISCUSS\u00c3O E REDA\u00c7\u00c3O FINAL</span></b></p>\r\n<p style=\"text-align: justify; \"><a class=\"external-link\" href=\"https://sapl.adamantina.sp.leg.br/media/sapl/public/materialegislativa/2019/10759/projeto_de_emenda_a_loma_003_-_altera_art._266.pdf\" target=\"_blank\" title=\"\"><b>Projeto de </b><b>Emenda \u00e0 LOMA n\u00ba </b><b>003/19</b></a><span> \u2013 Todos os Vereadores \u2013 que \u201cAltera a reda\u00e7\u00e3o do artigo 266 da Lei Org\u00e2nica do Munic\u00edpio de Adamantina.\u201d\u00a0<strong>(APROVADO POR UNANIMIDADE)</strong></span></p>\r\n<p style=\"text-align: justify; \"><span><br /></span></p>\r\n<p style=\"text-align: justify; \"><b>EM DISCUSS\u00c3O \u00daNICA</b></p>\r\n<p style=\"text-align: justify; \"><b><a class=\"external-link\" href=\"https://sapl.adamantina.sp.leg.br/media/sapl/public/materialegislativa/2019/10771/oficio_do_executivo_solicitando_retirada_de_projeto.pdf\" target=\"_blank\" title=\"\">Of\u00edcio n\u00ba 837/2019-GAB</a></b>, PM, solicitando a retirada do <a class=\"external-link\" href=\"https://sapl.adamantina.sp.leg.br/media/sapl/public/materialegislativa/2019/10597/pl_068_-_m_077_leitura_61a_ordinaria.pdf\" target=\"_blank\" title=\"\">Projeto de Lei n\u00ba 068/19</a> para melhores estudos, objeto da Mensagem n\u00ba 077/2019 \u2013 que \u201cDisp\u00f5e sobre o pagamento de di\u00e1rias aos servidores p\u00fablicos da Administra\u00e7\u00e3o Municipal Direta e Indireta, para os casos que menciona e d\u00e1 outras provid\u00eancias.\u201d.\u00a0<strong>(APROVADO POR MAIORIA SIMPLES)</strong></p>\r\n<p style=\"text-align: justify; \"><b><span><a class=\"external-link\" href=\"https://sapl.adamantina.sp.leg.br/media/sapl/public/materialegislativa/2019/10766/projeto_de_resolucao_001_-_altera_os_arts._10__dx0DZbc.pdf\" target=\"_blank\" title=\"\">Projeto de Resolu\u00e7\u00e3o n\u00ba 001/19</a></span></b> \u2013 Vereadores Alcio Roberto Ikeda J\u00fanior, Ac\u00e1cio Rocha Perez Guerrero, Eder do Nascimento Ruete, Jo\u00e3o Davoli e Paulo C\u00e9sar Cervelheira de Oliveira \u2013 que \u201cAltera os arts. 10 e 281 do Regimento Interno da C\u00e2mara Municipal de Adamantina.\u201d\u00a0<strong>(APROVADO POR UNANIMIDADE)</strong></p>\r\n<p style=\"text-align: justify; \">\u00a0</p>\r\n<p style=\"text-align: justify; \"><b><span>EM PRIMEIRA DISCUSS\u00c3O</span></b></p>\r\n<p style=\"text-align: justify; \"><b><a class=\"external-link\" href=\"https://sapl.adamantina.sp.leg.br/media/sapl/public/materialegislativa/2019/10760/64a_ordinaria_-_pl_083_-_m_097.pdf\" target=\"_blank\" title=\"\">Projeto de Lei n\u00ba 083/19</a></b><span> \u2013 PM \u2013 que \u201cAutoriza o Poder Executivo a instituir no Munic\u00edpio de Adamantina o Programa de Aquisi\u00e7\u00e3o de Alimentos \u2013 PPA e d\u00e1 outras provid\u00eancias.\u201d\u00a0<strong>(APROVADO POR UNANIMIDADE)</strong></span></p>\r\n<p style=\"text-align: justify; \"><b><a class=\"external-link\" href=\"https://sapl.adamantina.sp.leg.br/media/sapl/public/materialegislativa/2019/10763/64a_ordinaria_-_plc_032_-_m_096.pdf\" target=\"_blank\" title=\"\">Projeto de Lei Complementar n\u00ba 032/19</a></b><span> \u2013 PM \u2013 que \u201cDisp\u00f5e sobre altera\u00e7\u00e3o do quadro de pessoal do Centro Universit\u00e1rio de Adamantina - UNIFAI e d\u00e1 outras provid\u00eancias.\u201d\u00a0<strong>(APROVADO POR UNANIMIDADE)</strong></span></p>\r\n<p style=\"text-align: justify; \"><b><span><a class=\"external-link\" href=\"https://sapl.adamantina.sp.leg.br/media/sapl/public/materialegislativa/2019/10764/projeto_de_lei_complementar_033_-altera_a_lei__X1f1UR6.pdf\" target=\"_blank\" title=\"\">Projeto de Lei Complementar n\u00ba 033/19</a></span></b> \u2013 Vereadores Alcio Roberto Ikeda J\u00fanior, Ac\u00e1cio Rocha Perez Guerrero e Paulo C\u00e9sar Cervelheira de Oliveira \u2013 que \u201cAltera a Lei Complementar n\u00b0 259, de 05 de abril de 2016, que \u201cDisp\u00f5e sobre regras das Concess\u00f5es de Direito Real de Uso de Im\u00f3veis \u00e0s Empresas nos ramos da Ind\u00fastria e/ou Com\u00e9rcio e d\u00e1 outras provid\u00eancias.\u201d\u00a0<strong>(APROVADO POR UNANIMIDADE)</strong></p>\r\n<p style=\"text-align: justify; \"><b><span><a class=\"external-link\" href=\"https://sapl.adamantina.sp.leg.br/media/sapl/public/materialegislativa/2019/10765/64a_ordinaria_-_plc_034_-_m_100.pdf\" target=\"_blank\" title=\"\">Projeto de Lei Complementar n\u00ba 034/19</a></span></b> \u2013 PM \u2013 que \u201cAutoriza o Executivo a alienar, por doa\u00e7\u00e3o e com encargos, um bem im\u00f3vel sem benfeitorias, de propriedade do patrim\u00f4nio p\u00fablico da Fazenda Municipal, em favor da Ordem dos Advogados do Brasil, Se\u00e7\u00e3o de S\u00e3o Paulo e d\u00e1 outras provid\u00eancias.\u201d<strong>(APROVADO POR UNANIMIDADE)</strong></p>\r\n<p style=\"text-align: justify; \"><span>Ainda, foram apreciados e votados\u00a0</span><strong> 28 Indica\u00e7\u00f5es</strong><span>,\u00a0</span><strong>14 Requerimentos</strong><span> e\u00a0</span><strong>2 Mo\u00e7\u00f5es de Congratula\u00e7\u00f5es e Aplausos</strong><span>.</span></p>\r\n<p style=\"text-align: justify; \"><span><strong>A reuni\u00e3o contou com a presen\u00e7a de todos os vereadores, membros da comunidade e representantes da imprensa escrita e falada</strong>.</span></p>\r\n<p style=\"text-align: justify; \">A pr\u00f3xima Sess\u00e3o Ordin\u00e1ria, (66\u00aa) ser\u00e1 realizada dia 09.12, no Plen\u00e1rio Vereador Jos\u00e9 Ikeda.</p>", "author_name": "", "version": "1.0", "author_url": "https://www.adamantina.sp.leg.br/author/adm", "provider_name": "C\u00e2mara Municipal de Adamantina", "type": "rich"}