{"provider_url": "https://www.adamantina.sp.leg.br", "title": "Resumo 64\u00aa Sess\u00e3o Ordin\u00e1ria", "html": "<p style=\"text-align: justify; \">No dia 11 de dezembro, a C\u00e2mara de Adamantina realizou a 64\u00aa Ordin\u00e1ria desta Legislatura.</p>\r\n<p style=\"text-align: justify; \">Conforme <a class=\"external-link\" href=\"https://sapl.adamantina.sp.leg.br/media/sapl/public/materialegislativa/2023/15367/circular_64a_ordinaria.pdf\" target=\"_blank\" title=\"\">Circular n\u00ba 061/23</a> foram apreciados e votados os projetos como segue:</p>\r\n<p style=\"text-align: justify; \">\u00a0</p>\r\n<p style=\"text-align: center; \"><b><span>EM SEGUNDA DISCUSS\u00c3O E REDA\u00c7\u00c3O FINAL</span></b></p>\r\n<p style=\"text-align: justify; \"><b><a class=\"external-link\" href=\"https://sapl.adamantina.sp.leg.br/media/sapl/public/materialegislativa/2023/15267/60a_projeto_de_lei_087_m_109_-_concessao_subvencoes_e_contribuicoes_2024.pdf\" target=\"_blank\" title=\"\">Projeto de Lei n\u00ba 087/2023</a></b><span> \u2013 PM - \u201cDisp\u00f5e sobre concess\u00e3o de subven\u00e7\u00f5es, aux\u00edlios, contribui\u00e7\u00f5es e conv\u00eanios, termo de colabora\u00e7\u00e3o/fomento.\u201d (referido projeto recebeu emendas)</span></p>\r\n<p style=\"text-align: justify; \"><b><span><a class=\"external-link\" href=\"https://sapl.adamantina.sp.leg.br/media/sapl/public/materialegislativa/2023/15268/60a_projeto_de_lei_088_m_110_-_loa_2024.pdf\" target=\"_blank\" title=\"\">Projeto de Lei n\u00ba 088/2023</a></span></b> \u2013 PM - \u201cEstima a Receita e Fixa a Despesa do Munic\u00edpio de Adamantina para o exerc\u00edcio de 2024.\u201d (referido projeto recebeu emendas)</p>\r\n<p style=\"text-align: justify; \"><b><span><a class=\"external-link\" href=\"https://sapl.adamantina.sp.leg.br/media/sapl/public/materialegislativa/2023/15351/62a_projeto_de_lei_complementar_033_m_125_-_criacao_emprego_permanente_tec._informatica_tec._contabilidade_e_inspetor_de_alunos.pdf\" target=\"_blank\" title=\"\">Projeto de Lei Complementar n\u00ba 033/2023</a></span></b> \u2013 PM \u2013 que \u201cDisp\u00f5e sobre a cria\u00e7\u00e3o de vagas de empregos permanentes de Inspetor de Aluno de Escola P\u00fablica, T\u00e9cnico em Contabilidade e a\u00a0 cria\u00e7\u00e3o de vaga de emprego permanente de T\u00e9cnico em Inform\u00e1tica e altera\u00e7\u00e3o do Anexo I da Lei Complementar n.\u00ba 429, de 04 de maio de 2023 e d\u00e1 outras provid\u00eancias.\u201d</p>\r\n<p style=\"text-align: justify; \"><b><span><a class=\"external-link\" href=\"https://sapl.adamantina.sp.leg.br/media/sapl/public/materialegislativa/2023/15352/62a_projeto_de_lei_complementar_034_m_128_-_altera_o_anexo_ii_da_lei_440_-_cria_10_emp.de_educador_30hs_e_10_de_40hs_10_prof._peb_i_e_02__dm_da_ou_dv.pdf\" target=\"_blank\" title=\"\">Projeto de Lei Complementar n\u00ba 034/2023</a></span></b> \u2013 PM \u2013 que \u201cDisp\u00f5e sobre altera\u00e7\u00e3o do Anexo II da Lei Complementar n\u00ba 440, de 24 de agosto de 2023 (cria\u00e7\u00e3o de cargo de professores de Educa\u00e7\u00e3o Infantil e Fundamental).\u201d</p>\r\n<p style=\"text-align: justify; \"><b><span><a class=\"external-link\" href=\"https://sapl.adamantina.sp.leg.br/media/sapl/public/materialegislativa/2023/15353/62a_projeto_de_lei_complementar_035_m_133_-_plc_-_revisao_geral_anual_do_servidores_da_prefeitura_-8.pdf\" target=\"_blank\" title=\"\">Projeto de Lei Complementar n\u00ba 035/2023</a></span></b> \u2013 PM \u2013 que \u201cDisp\u00f5e sobre a revis\u00e3o geral anual dos vencimentos, proventos e pens\u00f5es dos servidores ativos, inativos e pensionistas da Prefeitura do Munic\u00edpio de Adamantina e reajuste (ganho real) aos vencimentos, proventos e pens\u00f5es dos servidores ativos, inativos e pensionistas da Prefeitura do Munic\u00edpio de Adamantina.\u201d</p>\r\n<p style=\"text-align: justify; \"><b><span><a class=\"external-link\" href=\"https://sapl.adamantina.sp.leg.br/media/sapl/public/materialegislativa/2023/15355/62a_projeto_de_lei_complementar_037_m_136_-_plc_-_revisao_geral_anual_dos_servidores_unifai_-8.pdf\" target=\"_blank\" title=\"\">Projeto de Lei Complementar n\u00ba 037/2023</a></span></b> \u2013 PM \u2013 que \u201cDisp\u00f5e sobre a revis\u00e3o geral anual dos vencimentos, proventos e pens\u00f5es dos servidores p\u00fablicos ativos e inativos dos quadros administrativo e docente do Centro Universit\u00e1rio de Adamantina \u2013 UNIFAI.\u201d</p>\r\n<p style=\"text-align: center; \">\u00a0<b style=\"text-align: center; \">EM DISCUSS\u00c3O \u00daNICA</b></p>\r\n<p style=\"text-align: justify; \"><b><a class=\"external-link\" href=\"https://sapl.adamantina.sp.leg.br/media/sapl/public/materialegislativa/2023/15364/63a_projeto_de_resolucao_002_-_subsidio_dos_vereadores_para_19a_legislatura.docx.pdf\" target=\"_blank\" title=\"\">Projeto de Resolu\u00e7\u00e3o n\u00ba 002/2023</a></b><span> \u2013 Mesa da C\u00e2mara \u2013 \u201cFixa o subs\u00eddio dos Vereadores para a 19\u00aa Legislatura, per\u00edodo de 2025 a 2028.\u201d</span></p>\r\n<p style=\"text-align: justify; \"><b><span><a class=\"external-link\" href=\"https://sapl.adamantina.sp.leg.br/media/sapl/public/materialegislativa/2023/15361/63a_projeto_de_lei_111_m_137_-_abertura_de_credito_-_repasse_cdhu_r_51.30000_proj_tec_social.pdf\" target=\"_blank\" title=\"\">Projeto de Lei n\u00ba 111/2023</a></span></b> \u2013 PM \u2013 que \u201cDisp\u00f5e sobre autoriza\u00e7\u00e3o para <i>abertura de cr\u00e9dito adicional suplementar </i>ao Or\u00e7amento da Prefeitura do Munic\u00edpio de Adamantina no valor total de R$ 51.300,00 e d\u00e1 outras provid\u00eancias.\u201d</p>\r\n<p style=\"text-align: justify; \"><b><span><a class=\"external-link\" href=\"https://sapl.adamantina.sp.leg.br/media/sapl/public/materialegislativa/2023/15362/63a_projeto_de_lei_112_m_138_-_concessao_de_beneficio_eventual_-_situacao_de_desastre_e_calamidade_2.pdf\" target=\"_blank\" title=\"\">Projeto de Lei n\u00ba 112/2023</a></span></b> \u2013 PM \u2013 que \u201cDisp\u00f5e sobre a concess\u00e3o de aux\u00edlio em situa\u00e7\u00f5es de Desastre, Emerg\u00eancia e de Calamidade P\u00fablica, previsto na Lei Municipal n\u00ba 3.745, de 22 de fevereiro de 2017, e d\u00e1 outras provid\u00eancias.\u201d</p>\r\n<p style=\"text-align: justify; \"><b><span><a class=\"external-link\" href=\"https://sapl.adamantina.sp.leg.br/media/sapl/public/materialegislativa/2023/15363/63a_projeto_de_lei_113_m_139_-_autoriza_contratar_financiamento_caixa_federal_-_recape_e_galerias.pdf\" target=\"_blank\" title=\"\">Projeto de Lei n\u00ba 113/2023</a></span></b> \u2013 PM \u2013 que \u201cAutoriza o Poder Executivo a contratar opera\u00e7\u00f5es de cr\u00e9dito com a Caixa Econ\u00f4mica Federal, e d\u00e1 outras provid\u00eancias.\u201d</p>\r\n<p style=\"text-align: justify; \">\u00a0</p>\r\n<p style=\"text-align: center; \"><b><span>EM PRIMEIRA DISCUSS\u00c3O</span></b></p>\r\n<p style=\"text-align: justify; \"><b><a class=\"external-link\" href=\"https://sapl.adamantina.sp.leg.br/media/sapl/public/materialegislativa/2023/15360/63a_projeto_de_lei_110_-_subsidio_prefeito_vice_e_secretarios.docx.pdf\" target=\"_blank\" title=\"\">Projeto de Lei n\u00ba 110/2023</a></b><span> \u2013 Mesa da C\u00e2mara \u2013 que \u201cEstabelece os subs\u00eddios do Prefeito, do Vice-Prefeito e dos Secret\u00e1rios Municipais para o mandato referente ao per\u00edodo de 2025 a 2028.\u201d</span></p>\r\n<p style=\"text-align: justify; \">Os projetos foram aprovados, com exce\u00e7\u00e3o\u00a0 do Projeto de Lei n\u00ba 113/2023, que\u00a0foi retirado para melhores estudos.</p>\r\n<p style=\"text-align: justify; \">Ainda, foram apreciados<strong>\u00a0</strong><strong>4 Requerimentos</strong>,\u00a0<strong>6 Indica\u00e7\u00f5es\u00a0</strong>e\u00a0<strong>1 Mo\u00e7\u00e3o de Congratula\u00e7\u00f5es e Aplausos</strong>.</p>\r\n<p style=\"text-align: justify; \">A reuni\u00e3o contou com a presen\u00e7a de todos os vereadores</p>\r\n<p style=\"text-align: justify; \">Assista na \u00edntegra a sess\u00e3o em nossa p\u00e1gina no<a class=\"external-link\" href=\"https://www.youtube.com/watch?v=5xitWJg1L8A\" target=\"_blank\" title=\"\">\u00a0</a><a class=\"external-link\" href=\"https://www.facebook.com/CamaraAdamantina/videos/7285321971525866/\" target=\"_blank\" title=\"\">Facebook</a>.</p>\r\n<p style=\"text-align: justify; \">Toda comunidade \u00e9 convidada a acompanhar as sess\u00f5es ao vivo pelo\u00a0<a class=\"external-link\" href=\"https://www.facebook.com/CamaraAdamantina\" target=\"_blank\" title=\"\">facebook</a>,\u00a0bem como pela\u00a0R\u00e1dio Cultura 99,3 FM, TV Cidade e nosso canal no\u00a0<a class=\"external-link\" href=\"https://youtube.com/@cmatransmissao\" target=\"_blank\" title=\"\">Youtube</a>.</p>", "author_name": "", "version": "1.0", "author_url": "https://www.adamantina.sp.leg.br/author/adm", "provider_name": "C\u00e2mara Municipal de Adamantina", "type": "rich"}