{"provider_url": "https://www.adamantina.sp.leg.br", "title": "Resumo 63\u00aa Sess\u00e3o Ordin\u00e1ria", "html": "<p style=\"text-align: justify; \">No dia 04 de dezembro esta Casa de Leis realizou a 63\u00aa Sess\u00e3o Ordin\u00e1ria desta Legislatura.</p>\r\n<p style=\"text-align: justify; \">Conforme <a class=\"external-link\" href=\"https://sapl.adamantina.sp.leg.br/media/sapl/public/materialegislativa/2023/15365/circular_059_-_63a_ordinaria.pdf\" target=\"_blank\" title=\"\">Circular n\u00ba 059/2023</a>, foram apreciados e votados os projetos como segue:</p>\r\n<p style=\"text-align: justify; \">\u00a0</p>\r\n<p style=\"text-align: center; \"><b><span>EM SEGUNDA DISCUSS\u00c3O E REDA\u00c7\u00c3O FINAL</span></b></p>\r\n<p style=\"text-align: justify; \"><b><a class=\"external-link\" href=\"https://sapl.adamantina.sp.leg.br/media/sapl/public/materialegislativa/2023/15300/61a_projeto_de_lei_091_m_112_-_pl_abono_natalino_aos_servidores.pdf\" target=\"_blank\" title=\"\">Projeto de Lei n\u00ba 091/2023</a></b><span> \u2013 PM - \u201cDisp\u00f5e sobre autoriza\u00e7\u00e3o para que o Chefe do Poder Executivo possa conceder abono especial aos servidores ativos e inativos da Administra\u00e7\u00e3o Direta do Munic\u00edpio de Adamantina e d\u00e1 outras provid\u00eancias.\u201d</span></p>\r\n<p style=\"text-align: justify; \"><b><span><a class=\"external-link\" href=\"https://sapl.adamantina.sp.leg.br/media/sapl/public/materialegislativa/2023/15306/61a_projeto_de_lei_097_-_m_119_-_autoriza_majorar__subsidio_tarifario_mensal_para_operacionalizacao_do_transporte_coletivo_-_3.pdf\" target=\"_blank\" title=\"\">Projeto de Lei n\u00ba 097/2023</a></span></b> \u2013 PM - \u201cDisp\u00f5e sobre a altera\u00e7\u00e3o da Lei Municipal n\u00ba 3.958, de 19 de dezembro de 2019, que autoriza o Poder Executivo Municipal a instituir subs\u00eddio tarif\u00e1rio mensal para a operacionaliza\u00e7\u00e3o dos servi\u00e7os de transporte coletivo urbano no munic\u00edpio de Adamantina e d\u00e1 outras provid\u00eancias.\u201d</p>\r\n<p style=\"text-align: justify; \"><b><span><a class=\"external-link\" href=\"https://sapl.adamantina.sp.leg.br/media/sapl/public/materialegislativa/2023/15307/61a_projeto_de_lei_complementar_032_-_m_116_-_altera_a_lc_440_-_tira_a_retroatividade_da_lei.pdf\" target=\"_blank\" title=\"\">Projeto de Lei Complementar n\u00ba 032/2023</a></span></b> \u2013 PM \u2013 que \u201cDisp\u00f5e sobre a altera\u00e7\u00e3o da Lei Complementar Municipal n\u00ba 440, de 24 de agosto de 2023, e d\u00e1 outras provid\u00eancias.\u201d</p>\r\n<p style=\"text-align: justify; \">\u00a0</p>\r\n<p style=\"text-align: center; \"><b><span>EM DISCUSS\u00c3O \u00daNICA</span></b></p>\r\n<p style=\"text-align: justify; \">\u00a0<b><a class=\"external-link\" href=\"https://sapl.adamantina.sp.leg.br/media/sapl/public/materialegislativa/2023/15339/62a_projeto_de_lei_098_m_120_-_repasse_clinica_pai_nosso_lar_r_80.00000_-_portaria_gm_-_ms_1_300-2023.pdf\" target=\"_blank\" title=\"\">Projeto de Lei n\u00ba 098/2023</a></b><span> \u2013 PM - \u201cDisp\u00f5e sobre autoriza\u00e7\u00e3o para a Prefeitura do Munic\u00edpio de Adamantina abrir cr\u00e9dito adicional suplementar e repassar \u00e0 Clinica de Repouso Nosso Lar de Adamantina, aux\u00edlio financeiro federal e d\u00e1 outras provid\u00eancias.\u201d (Teto Mac destinado \u00e0 a\u00e7\u00e3o de incremento tempor\u00e1rio ao custeio dos servi\u00e7os de assist\u00eancia hospitalar e ambulatorial)</span></p>\r\n<p style=\"text-align: justify; \"><b><span><a class=\"external-link\" href=\"https://sapl.adamantina.sp.leg.br/media/sapl/public/materialegislativa/2023/15340/62a_projeto_de_lei_099_m_121_-_abertura_de_credito__especial_-_academia_ao_ar_livre_r_42.00000.pdf\" target=\"_blank\" title=\"\">Projeto de Lei n\u00ba 099/2023</a></span></b> \u2013 PM \u2013 que \u201cDisp\u00f5e sobre autoriza\u00e7\u00e3o para <i>abertura de cr\u00e9dito adicional especial </i>ao Or\u00e7amento da Prefeitura do Munic\u00edpio de Adamantina no valor total de R$ 42.000,00 e d\u00e1 outras provid\u00eancias, para instala\u00e7\u00e3o de academia ao ar livre no bairro Vila Jamil de Lima.\u201d</p>\r\n<p style=\"text-align: justify; \"><b><span><a class=\"external-link\" href=\"https://sapl.adamantina.sp.leg.br/media/sapl/public/materialegislativa/2023/15341/62a_projeto_de_lei_100_m_122_-_abertura_de_cred.__especial_vestiario_jd_brasil_r_251.00000.pdf\" target=\"_blank\" title=\"\">Projeto de Lei n\u00ba 100/2023</a></span></b> \u2013 PM \u2013 que \u201cDisp\u00f5e sobre autoriza\u00e7\u00e3o para <i>abertura de cr\u00e9dito adicional especial </i>ao Or\u00e7amento da Prefeitura do Munic\u00edpio de Adamantina no valor total de R$ 251.000,00 e d\u00e1 outras provid\u00eancias, para constru\u00e7\u00e3o de vesti\u00e1rio no bairro Jardim Brasil.\u201d</p>\r\n<p style=\"text-align: justify; \"><b><span><a class=\"external-link\" href=\"https://sapl.adamantina.sp.leg.br/media/sapl/public/materialegislativa/2023/15342/62a_projeto_de_lei_101_m_123_-_pl_abono_natalino_aos_servidores_unifai.pdf\" target=\"_blank\" title=\"\">Projeto de Lei n\u00ba 101/2023</a></span></b> \u2013 PM \u2013 que \u201cDisp\u00f5e sobre autoriza\u00e7\u00e3o para que o Centro Universit\u00e1rio de Adamantina - UNIFAI possa conceder abono natalino especial aos servidores da institui\u00e7\u00e3o e d\u00e1 outras provid\u00eancias.\u201d</p>\r\n<p style=\"text-align: justify; \"><b><span><a class=\"external-link\" href=\"https://sapl.adamantina.sp.leg.br/media/sapl/public/materialegislativa/2023/15343/62a_projeto_de_lei_102_m_124_-_abertura_de_credito_r_44.00000_-_transporte_educacao.pdf\" target=\"_blank\" title=\"\">Projeto de Lei n\u00ba 102/2023</a></span></b> \u2013 PM \u2013 que \u201cDisp\u00f5e sobre autoriza\u00e7\u00e3o para <i>abertura de cr\u00e9dito adicional suplementar </i>ao Or\u00e7amento da Prefeitura do Munic\u00edpio de Adamantina no valor total de R$ 44.000,00 e d\u00e1 outras provid\u00eancias, para transporte escolar.\u201d</p>\r\n<p style=\"text-align: justify; \"><b><span><a class=\"external-link\" href=\"https://sapl.adamantina.sp.leg.br/media/sapl/public/materialegislativa/2023/15344/62a_projeto_de_lei_103_m_126_-_abertura_de_credito_suplementar_-_convenio_polesportivo_r_91.00000.pdf\" target=\"_blank\" title=\"\">Projeto de Lei n\u00ba 103/2023</a></span></b> \u2013 PM \u2013 que \u201cDisp\u00f5e sobre autoriza\u00e7\u00e3o para <i>abertura de cr\u00e9dito adicional suplementar </i>ao Or\u00e7amento da Prefeitura do Munic\u00edpio de Adamantina no valor total de R$ 91.000,00 e d\u00e1 outras provid\u00eancias, para pagamento do termo aditivo da cobertura met\u00e1lica constru\u00edda no Poliesportivo.\u201d</p>\r\n<p style=\"text-align: justify; \"><b><span><a class=\"external-link\" href=\"https://sapl.adamantina.sp.leg.br/media/sapl/public/materialegislativa/2023/15345/62a_projeto_de_lei_104_m_127_-_denomina_a_praca_celso_osmar_mastellini.pdf\" target=\"_blank\" title=\"\">Projeto de Lei n\u00ba 104/2023</a></span></b> \u2013 PM \u2013 que \u201cDisp\u00f5e sobre a denomina\u00e7\u00e3o do Sistema de Lazer \u201cSr. Celso Osmar Mastellini .\u201d</p>\r\n<p style=\"text-align: justify; \"><b><span><a class=\"external-link\" href=\"https://sapl.adamantina.sp.leg.br/media/sapl/public/materialegislativa/2023/15347/62a_projeto_de_lei_106_m_130_-_abertura_de_credito_educacao_fundeb_r_2.763.90000.pdf\" target=\"_blank\" title=\"\">Projeto de Lei n\u00ba 106/2023</a></span></b> \u2013 PM \u2013 que \u201cDisp\u00f5e sobre autoriza\u00e7\u00e3o para <i>abertura de cr\u00e9dito adicional suplementar </i>ao Or\u00e7amento da Prefeitura do Munic\u00edpio de Adamantina no valor total de R$ 2.763.900,00 e d\u00e1 outras provid\u00eancias, para pagamento de sal\u00e1rios da Secretaria da Educa\u00e7\u00e3o.\u201d</p>\r\n<p style=\"text-align: justify; \"><b><span><a class=\"external-link\" href=\"https://sapl.adamantina.sp.leg.br/media/sapl/public/materialegislativa/2023/15348/62a_projeto_de_lei_107_m_131_-_abertura_de_credito_suplementar_unifai_-_r_5_390_00000.pdf\" target=\"_blank\" title=\"\">Projeto de Lei n\u00ba 107/2023</a></span></b> \u2013 PM \u2013 que \u201cDisp\u00f5e sobre autoriza\u00e7\u00e3o para <i>abertura de cr\u00e9dito adicional suplementar </i>ao Or\u00e7amento da Prefeitura do Munic\u00edpio de Adamantina no valor total de R$ 5.390.000,00 (cinco milh\u00f5es, trezentos e noventa mil reais), para refor\u00e7o das dota\u00e7\u00f5es or\u00e7ament\u00e1rias.\u201d</p>\r\n<p style=\"text-align: justify; \"><b><span><a class=\"external-link\" href=\"https://sapl.adamantina.sp.leg.br/media/sapl/public/materialegislativa/2023/15349/62a_projeto_de_lei_108_m_132_-_abertura_de_credito_r_20.00000_-_transporte_educacao_proprio.pdf\" target=\"_blank\" title=\"\">Projeto de Lei n\u00ba 108/2023</a></span></b> \u2013 PM \u2013 que \u201cDisp\u00f5e sobre autoriza\u00e7\u00e3o para <i>abertura de cr\u00e9dito adicional suplementar </i>ao Or\u00e7amento da Prefeitura do Munic\u00edpio de Adamantina, no valor total de R$ 20.000,00 e d\u00e1 outras provid\u00eancias, para transporte escolar.\u201d</p>\r\n<p style=\"text-align: justify; \">\u00a0</p>\r\n<p style=\"text-align: center; \"><b><span>EM PRIMEIRA DISCUSS\u00c3O</span></b></p>\r\n<p style=\"text-align: justify; \"><b><a class=\"external-link\" href=\"https://sapl.adamantina.sp.leg.br/media/sapl/public/materialegislativa/2023/15351/62a_projeto_de_lei_complementar_033_m_125_-_criacao_emprego_permanente_tec._informatica_tec._contabilidade_e_inspetor_de_alunos.pdf\" target=\"_blank\" title=\"\">Projeto de Lei Complementar n\u00ba 033/2023</a></b><span> \u2013 PM \u2013 que \u201cDisp\u00f5e sobre a cria\u00e7\u00e3o de vagas de empregos permanentes de Inspetor de Aluno de Escola P\u00fablica, T\u00e9cnico em Contabilidade e a\u00a0 cria\u00e7\u00e3o de vaga de emprego permanente de T\u00e9cnico em Inform\u00e1tica e altera\u00e7\u00e3o do Anexo I da Lei Complementar n.\u00ba 429, de 04 de maio de 2023 e d\u00e1 outras provid\u00eancias.\u201d</span></p>\r\n<p style=\"text-align: justify; \"><b><span><a class=\"external-link\" href=\"https://sapl.adamantina.sp.leg.br/media/sapl/public/materialegislativa/2023/15352/62a_projeto_de_lei_complementar_034_m_128_-_altera_o_anexo_ii_da_lei_440_-_cria_10_emp.de_educador_30hs_e_10_de_40hs_10_prof._peb_i_e_02__dm_da_ou_dv.pdf\" target=\"_blank\" title=\"\">Projeto de Lei Complementar n\u00ba 034/2023</a></span></b> \u2013 PM \u2013 que \u201cDisp\u00f5e sobre altera\u00e7\u00e3o do Anexo II da Lei Complementar n\u00ba 440, de 24 de agosto de 2023 (cria\u00e7\u00e3o de cargo de professores de Educa\u00e7\u00e3o Infantil e Fundmental).\u201d</p>\r\n<p style=\"text-align: justify; \"><b><span><a class=\"external-link\" href=\"https://sapl.adamantina.sp.leg.br/media/sapl/public/materialegislativa/2023/15353/62a_projeto_de_lei_complementar_035_m_133_-_plc_-_revisao_geral_anual_do_servidores_da_prefeitura_-8.pdf\" target=\"_blank\" title=\"\">Projeto de Lei Complementar n\u00ba 035/2023</a></span></b> \u2013 PM \u2013 que \u201cDisp\u00f5e sobre a revis\u00e3o geral anual dos vencimentos, proventos e pens\u00f5es dos servidores ativos, inativos e pensionistas da Prefeitura do Munic\u00edpio de Adamantina e reajuste (ganho real) aos vencimentos, proventos e pens\u00f5es dos servidores ativos, inativos e pensionistas da Prefeitura do Munic\u00edpio de Adamantina.\u201d</p>\r\n<p style=\"text-align: justify; \"><b><span><a class=\"external-link\" href=\"https://sapl.adamantina.sp.leg.br/media/sapl/public/materialegislativa/2023/15355/62a_projeto_de_lei_complementar_037_m_136_-_plc_-_revisao_geral_anual_dos_servidores_unifai_-8.pdf\" target=\"_blank\" title=\"\">Projeto de Lei Complementar n\u00ba 037/2023</a></span></b> \u2013 PM \u2013 que \u201cDisp\u00f5e sobre a revis\u00e3o geral anual dos vencimentos, proventos e pens\u00f5es dos servidores p\u00fablicos ativos e inativos dos quadros administrativo e docente do Centro Universit\u00e1rio de Adamantina \u2013 UNIFAI.\u201d</p>\r\n<p style=\"text-align: justify; \">Todos os projetos foram aprovados.</p>\r\n<p style=\"text-align: justify; \">Ainda, foram apreciados\u00a0<strong>2 Requerimentos</strong>,\u00a0<strong>7 Indica\u00e7\u00f5es</strong> e\u00a0<strong>2 Mo\u00e7\u00f5es de Congratula\u00e7\u00f5es e Aplausos</strong>.</p>\r\n<p style=\"text-align: justify; \">A reuni\u00e3o contou com a presen\u00e7a de todos os vereadores</p>\r\n<p style=\"text-align: justify; \">Assista na \u00edntegra a sess\u00e3o em nossa p\u00e1gina no<a class=\"external-link\" href=\"https://www.youtube.com/watch?v=5xitWJg1L8A\" target=\"_blank\" title=\"\">\u00a0</a><a class=\"external-link\" href=\"https://www.facebook.com/CamaraAdamantina/videos/889890505835748/\" target=\"_blank\" title=\"\">Facebook</a>.</p>\r\n<p style=\"text-align: justify; \">A 64<em>\u00aa Sess\u00e3o Ordin\u00e1ria</em>\u00a0realizar-se-\u00e1 no dia 11 de dezembro de 2023.</p>\r\n<p style=\"text-align: justify; \">Toda comunidade \u00e9 convidada a acompanhar as sess\u00f5es ao vivo pelo\u00a0<a class=\"external-link\" href=\"https://www.facebook.com/CamaraAdamantina\" target=\"_blank\" title=\"\">facebook</a>,\u00a0bem como pela\u00a0R\u00e1dio Cultura 99,3 FM, TV Cidade e nosso canal no\u00a0<a class=\"external-link\" href=\"https://youtube.com/@cmatransmissao\" target=\"_blank\" title=\"\">Youtube</a>.</p>", "author_name": "", "version": "1.0", "author_url": "https://www.adamantina.sp.leg.br/author/adm", "provider_name": "C\u00e2mara Municipal de Adamantina", "type": "rich"}