{"provider_url": "https://www.adamantina.sp.leg.br", "title": "Resumo 63\u00aa Sess\u00e3o Ordin\u00e1ria", "html": "<p style=\"text-align: justify; \">Ontem, 04, esta Casa de Leis realizou a 63\u00aa Sess\u00e3o Ordin\u00e1ria.<img src=\"https://www.adamantina.sp.leg.br/imagens/copy2_of_brasaopq.png/@@images/6e67a865-5913-408e-aef8-3c66739cb154.png\" alt=\"\" class=\"image-right\" title=\"\" /><span>\u00a0</span></p>\r\n<p style=\"text-align: justify; \"><span>Foram apresentados 11 Requerimentos, em sua maioria solicitando recursos financeiros ao munic\u00edpio; 44 Indica\u00e7\u00f5es, maior parte pedindo melhorias para a cidade, e 02 Mo\u00e7\u00f5es de Congratula\u00e7\u00f5es e Aplausos.</span></p>\r\n<p style=\"text-align: justify; \">Ainda, foram apreciados e votados, conforme Circular 046/19, os projetos como segue:</p>\r\n<div class=\"text_exposed_show\">\r\n<p style=\"text-align: justify; \"><b><span>EM SEGUNDA DISCUSS\u00c3O E REDA\u00c7\u00c3O FINAL</span></b></p>\r\n<p style=\"text-align: justify; \">\u00a0</p>\r\n<p style=\"text-align: justify; \"><b><span>Projeto de Emenda \u00e0 LOMA n\u00ba 002/19</span></b> \u2013 Vereadores \u00a0Alcio Roberto Ikeda J\u00fanior, Ac\u00e1cio Rocha Perez Guerrero, Eder do Nascimento Ruete, Jo\u00e3o Davoli e Paulo C\u00e9sar Cervelheira de Oliveira \u2013 que \u201cAltera a reda\u00e7\u00e3o do inciso XVI do artigo 74 da Lei Org\u00e2nica do Munic\u00edpio de Adamantina\u201d (APROVADO POR MAIORIA QUALIFICADA)</p>\r\n<p style=\"text-align: justify; \"><b><br /></b></p>\r\n<p style=\"text-align: justify; \"><b>EM DISCUSS\u00c3O \u00daNICA</b></p>\r\n<p style=\"text-align: justify; \"><b><span>\u00a0</span></b></p>\r\n<p style=\"text-align: justify; \"><b><span>Projeto de Decreto Legislativo n\u00ba 010/19</span></b> \u2013 Comiss\u00e3o de Finan\u00e7as e Or\u00e7amento \u2013 que \u201cDisp\u00f5e sobre a aprecia\u00e7\u00e3o das contas da Prefeitura do Munic\u00edpio de Adamantina \u2013 exerc\u00edcio financeiro de 2017 \u2013 TC 6747.989.16-8.\u201d (APROVADO POR UNANIMIDADE)</p>\r\n<p style=\"text-align: justify; \"><b><span>Veto n\u00ba 001/19</span></b> \u2013 PM \u2013 que \u201cVeto integral ao Projeto de Lei n\u00ba 059/2019, de 02 de setembro de 2019, de autoria dos Vereadores Ac\u00e1cio Rocha Perez Guerrero e Alcio Roberto Ikeda J\u00fanior.\u201d (APROVADO)</p>\r\n<p style=\"text-align: justify; \">\u00a0</p>\r\n<p style=\"text-align: justify; \"><b><span>EM PRIMEIRA DISCUSS\u00c3O</span></b></p>\r\n<p style=\"text-align: justify; \">\u00a0</p>\r\n<p style=\"text-align: justify; \"><b><span>Projeto de Lei n\u00ba 068/19</span></b> \u2013 PM \u2013 que \u201cDisp\u00f5e sobre o pagamento de di\u00e1rias aos servidores p\u00fablicos da Administra\u00e7\u00e3o Municipal Direta e Indireta, para os casos que menciona e d\u00e1 outras provid\u00eancias.\u201d <b>(referido projeto recebeu emendas)\u00a0</b>(APROVADO POR UNANIMIDADE)</p>\r\n<p style=\"text-align: justify; \"><b><span>Projeto de Lei n\u00ba 069/19</span></b> \u2013 PM \u2013 que \u201cEstima a receita e fixa a despesa do Munic\u00edpio de Adamantina para o exerc\u00edcio de 2020.\u201d\u00a0<span>(APROVADO POR UNANIMIDADE)</span></p>\r\n<p style=\"text-align: justify; \"><b><span>Projeto de Lei n\u00ba 070/19</span></b> \u2013 PM \u2013 que \u201cDisp\u00f5e sobre concess\u00e3o de subven\u00e7\u00f5es, aux\u00edlios, contribui\u00e7\u00f5es, conv\u00eanios e termo de colabora\u00e7\u00e3o/fomento.\u201d\u00a0<span>(APROVADO POR UNANIMIDADE)</span></p>\r\n<p style=\"text-align: justify; \"><b><span>Projeto de Lei n\u00ba 071/19</span></b> \u2013 Vereador Ac\u00e1cio Rocha Perez <br /> Guerrero \u2013 que \u201cDisp\u00f5e sobre normas para atribuir denomina\u00e7\u00f5es a pr\u00f3prios municipais, logradouros p\u00fablicos, avenidas, reparti\u00e7\u00f5es p\u00fablicas e demais espa\u00e7os p\u00fablicos e d\u00e1 outras provid\u00eancias.\u201d\u00a0<span>(APROVADO POR UNANIMIDADE)</span></p>\r\n<p style=\"text-align: justify; \"><b><span>Projeto de Lei Complementar n\u00ba 026/19</span></b> \u2013 PM \u2013 que \u201cDisp\u00f5e sobre a autoriza\u00e7\u00e3o para o Poder Executivo alienar bem im\u00f3vel, mediante processo licitat\u00f3rio, para a capta\u00e7\u00e3o de recursos financeiros que ser\u00e3o reinvestidos em novos bens patrimoniais e d\u00e1 outras provid\u00eancias.\u201d\u00a0<span>(RETIRADO PARA MELHORES ESTUDOS)</span></p>\r\n<p style=\"text-align: justify; \"><span>A reuni\u00e3o contou com a presen\u00e7a de todos os Vereadores, representantes da imprensa escrita e falada e membros da comunidade adamantinense.</span></p>\r\n<p style=\"text-align: justify; \">A pr\u00f3xima Sess\u00e3o Ordin\u00e1ria (64\u00aa) acontecer\u00e1 dia 02 de dezembro no Plen\u00e1rio Vereador Jos\u00e9 Ikeda. Toda comunidade \u00e9 convidada a participar pessoalmente, acompanhar pelas R\u00e1dios LIFE FM, Brasil FM, ou ao vivo pela nossa <a class=\"external-link\" href=\"https://www.facebook.com/CamaraAdamantina/\" target=\"_blank\" title=\"\">fanpage</a>.</p>\r\n</div>", "author_name": "adt", "version": "1.0", "author_url": "https://www.adamantina.sp.leg.br/author/adt", "provider_name": "C\u00e2mara Municipal de Adamantina", "type": "rich"}