{"provider_url": "https://www.adamantina.sp.leg.br", "title": "Resumo 62\u00aa Sess\u00e3o Ordin\u00e1ria", "html": "<p><img src=\"https://www.adamantina.sp.leg.br/imagens/copy_of_brasaopq.png/@@images/ba56bfd4-1835-43d5-af11-a38d3b7b4085.png\" style=\"float: left; \" title=\"\" class=\"image-inline\" alt=\"\" />Dia 21 de outubro, esta C\u00e2mara Municipal realizou a 62\u00aa Sess\u00e3o Ordin\u00e1ria.</p>\r\n<p style=\"text-align: justify; \">Foram apresentados 26 Requerimentos, em sua maioria solicitando recursos financeiros ao munic\u00edpio; 21 Indica\u00e7\u00f5es, maior parte pedindo melhorias para a cidade, e 05 Mo\u00e7\u00f5es de Congratula\u00e7\u00f5es e Aplausos.</p>\r\n<p style=\"text-align: justify; \">Ainda, foram apreciados e votados, conforme Circular 044/19, os projetos como segue:</p>\r\n<div class=\"text_exposed_show\">\r\n<p style=\"text-align: justify; \">EM SEGUNDA DISCUSS\u00c3O E REDA\u00c7\u00c3O FINAL<br />Projeto de Lei n\u00ba 063/19 \u2013 PM \u2013 que \u201cDisp\u00f5e sobre a denomina\u00e7\u00e3o de logradouro p\u00fablico e d\u00e1 outras provid\u00eancias.\u201d</p>\r\n<p style=\"text-align: justify; \">EM DISCUSS\u00c3O \u00daNICA<br />Projeto de Lei n\u00ba 065/19 \u2013 PM \u2013 que \u201cDisp\u00f5e sobre autoriza\u00e7\u00e3o para abertura de cr\u00e9dito suplementar ao Or\u00e7amento da Prefeitura do Munic\u00edpio de Adamantina no valor total de R$ 2.032.000,00 (dois milh\u00f5es, trinta e dois mil reais).\u201d<br />Projeto de Lei n\u00ba 066/19 \u2013 PM \u2013 que \u201cDisp\u00f5e sobre autoriza\u00e7\u00e3o para a Prefeitura do Munic\u00edpio de Adamantina realizar a abertura de cr\u00e9dito adicional suplementar e repassar \u00e0 Cl\u00ednica de Repouso Nosso Lar, sob a forma de subven\u00e7\u00e3o, recursos financeiros e d\u00e1 outras provid\u00eancias.\u201d (referido projeto recebeu emenda)<br />Projeto de Lei n\u00ba 067/19 \u2013 PM \u2013 que \u201cAltera a Lei n 3.861, de 12 de dezembro de 2018, que disp\u00f5e sobre autoriza\u00e7\u00e3o para que o Centro Universit\u00e1rio de Adamantina \u2013 UNIFAI possa formalizar Termo de Colabora\u00e7\u00e3o com a Santa Casa de Miseric\u00f3rdia de Ara\u00e7atuba, nos termos da Lei Federal n\u00ba 13.019/14 e suas altera\u00e7\u00f5es e d\u00e1 outras provid\u00eancias.\u201d</p>\r\n<p style=\"text-align: justify; \">EM PRIMEIRA DISCUSS\u00c3O<br />Projeto de Lei n\u00ba 068/19 \u2013 PM \u2013 (Este projeto foi retirado para maiores estudos pelos vereadores) que \u201cDisp\u00f5e sobre o pagamento de di\u00e1rias aos servidores p\u00fablicos da Administra\u00e7\u00e3o Municipal Direta e Indireta, para os casos que menciona e d\u00e1 outras provid\u00eancias.\u201d (referido projeto recebeu emendas)<br />Projeto de Emenda \u00e0 LOMA n\u00ba 002/19 \u2013 Vereadores Alcio Roberto Ikeda J\u00fanior, Ac\u00e1cio Rocha Perez Guerrero, Eder do Nascimento Ruete, Jo\u00e3o Davoli e Paulo C\u00e9sar Cervelheira de Oliveira \u2013 que \u201cAltera a reda\u00e7\u00e3o do inciso XVI do artigo 74 da Lei Org\u00e2nica do Munic\u00edpio de Adamantina\u201d</p>\r\n<p style=\"text-align: justify; \">ESTES PROJETOS FORAM APROVADOS POR UNANIMIDADE CONFORME AS RESPECTIVAS DISCUSS\u00d5ES</p>\r\n<p style=\"text-align: justify; \">A reuni\u00e3o contou com a presen\u00e7a de todos os Vereadores, representantes da imprensa escrita e falada e membros da comunidade adamantinense.</p>\r\n<p style=\"text-align: justify; \">\u00a0</p>\r\n</div>", "author_name": "adt", "version": "1.0", "author_url": "https://www.adamantina.sp.leg.br/author/adt", "provider_name": "C\u00e2mara Municipal de Adamantina", "type": "rich"}