{"provider_url": "https://www.adamantina.sp.leg.br", "title": "Resumo 61\u00aa Sess\u00e3o Ordin\u00e1ria", "html": "<p style=\"text-align: justify; \">Na \u00faltima segunda-feira, 06, a C\u00e2mara Municipal de Adamantina realizou a 61\u00aa Sess\u00e3o Ordin\u00e1ria desta Legislatura.</p>\r\n<p style=\"text-align: justify; \">Conforme <a class=\"external-link\" href=\"https://sapl.adamantina.sp.leg.br/media/sapl/public/materialegislativa/2023/15308/61a_ordinaria.pdf\" target=\"_blank\" title=\"\">Circular n\u00ba 052/2023</a> foram apreciados e votados os projetos como segue:</p>\r\n<p style=\"text-align: center; \"><b><span>EM DISCUSS\u00c3O \u00daNICA</span></b></p>\r\n<p style=\"text-align: justify; \">\u00a0</p>\r\n<p style=\"text-align: justify; \"><b><span><a class=\"external-link\" href=\"https://sapl.adamantina.sp.leg.br/media/sapl/public/materialegislativa/2023/15269/60a_projeto_de_lei_089_m_111_-_abertura_de_credito_saude_teto_mac_-_r_900.0000.pdf\" target=\"_blank\" title=\"\">Projeto de Lei n\u00ba 089/2023</a></span></b> \u2013 PM - \u201cDisp\u00f5e sobre autoriza\u00e7\u00e3o para <i>abertura de cr\u00e9dito adicional suplementar </i>ao Or\u00e7amento da Prefeitura do Munic\u00edpio de Adamantina no valor total de R$ 900.000,00 e d\u00e1 outras provid\u00eancias, para custeio da Aten\u00e7\u00e3o B\u00e1sica e do TETO MAC Federal da Sa\u00fade.\u201d</p>\r\n<p style=\"text-align: justify; \"><b><span><a class=\"external-link\" href=\"https://sapl.adamantina.sp.leg.br/media/sapl/public/materialegislativa/2023/15266/59a_projeto_de_lei_complementar_031_m_100_-__atribuicoes_agente_da_receita_tributaria.pdf\" target=\"_blank\" title=\"\">Projeto de Lei Complementar n\u00ba 031/2023</a></span></b> \u2013 PM \u2013 que \u201cDisp\u00f5e sobre as atribui\u00e7\u00f5es de fun\u00e7\u00e3o do emprego de Agente da Receita Tribut\u00e1ria e d\u00e1 outras providencias.\u201d</p>\r\n<p style=\"text-align: justify; \">\u00a0</p>\r\n<p style=\"text-align: center; \"><b><span>EM PRIMEIRA DISCUSS\u00c3O</span></b></p>\r\n<p style=\"text-align: justify; \">\u00a0</p>\r\n<p style=\"text-align: justify; \"><b><span><a class=\"external-link\" href=\"https://sapl.adamantina.sp.leg.br/media/sapl/public/materialegislativa/2023/15267/60a_projeto_de_lei_087_m_109_-_concessao_subvencoes_e_contribuicoes_2024.pdf\" target=\"_blank\" title=\"\">Projeto de Lei n\u00ba 087/2023</a></span></b> \u2013 PM - \u201cDisp\u00f5e sobre concess\u00e3o de subven\u00e7\u00f5es, aux\u00edlios, contribui\u00e7\u00f5es e conv\u00eanios, termo de colabora\u00e7\u00e3o/fomento.\u201d<b><span></span></b></p>\r\n<p style=\"text-align: justify; \"><b><span><a class=\"external-link\" href=\"https://sapl.adamantina.sp.leg.br/media/sapl/public/materialegislativa/2023/15268/60a_projeto_de_lei_088_m_110_-_loa_2024.pdf\" target=\"_blank\" title=\"\">Projeto de Lei n\u00ba 088/2023</a></span></b> \u2013 PM - \u201cEstima a Receita e Fixa a Despesa do Munic\u00edpio de Adamantina para o exerc\u00edcio de 2024.\u201d</p>\r\n<p style=\"text-align: justify; \">\u00a0</p>\r\n<p style=\"text-align: justify; \">Ainda, foram apresentados <b>6 Requerimentos</b>,\u00a0<strong>2 Mo\u00e7\u00f5es de Congratula\u00e7\u00f5es e Aplausos</strong> e<strong> 6 Indica\u00e7\u00f5es</strong>.</p>\r\n<p>A reuni\u00e3o contou com a presen\u00e7a de todos os vereadores</p>\r\n<p>Assista na \u00edntegra a sess\u00e3o em nossa p\u00e1gina no<a class=\"external-link\" href=\"https://www.youtube.com/watch?v=5xitWJg1L8A\" target=\"_blank\" title=\"\">\u00a0YouTube</a>.</p>\r\n<p>A 62<em>\u00aa Sess\u00e3o Ordin\u00e1ria</em>\u00a0realizar-se-\u00e1 no dia 27 de novembro de 2023.</p>\r\n<p>Toda comunidade \u00e9 convidada a acompanhar as sess\u00f5es ao vivo pelo\u00a0<a class=\"external-link\" href=\"https://www.facebook.com/CamaraAdamantina\" target=\"_blank\" title=\"\">facebook</a>,\u00a0bem como pela\u00a0R\u00e1dio Cultura 99,3 FM, TV Cidade e nosso canal no\u00a0<a class=\"external-link\" href=\"https://youtube.com/@cmatransmissao\" target=\"_blank\" title=\"\">Youtube</a>.</p>", "author_name": "", "version": "1.0", "author_url": "https://www.adamantina.sp.leg.br/author/adm", "provider_name": "C\u00e2mara Municipal de Adamantina", "type": "rich"}