{"provider_url": "https://www.adamantina.sp.leg.br", "title": "Resumo 61\u00aa Sess\u00e3o Ordin\u00e1ria", "html": "<p style=\"text-align: justify; \">No dia 09 de novembro\u00a0<span>a C\u00e2mara Municipal de Adamantina, c</span><span>om a presen\u00e7a de todos os vereadores,</span><span>\u00a0realizou a 61\u00aa Sess\u00e3o Ordin\u00e1ria.\u00a0</span></p>\r\n<p style=\"text-align: justify; \"><span>Foram apresentadas 35 indica\u00e7\u00f5es,\u00a0<span>apreciados e votados 25 requerimentos solicitando recursos financeiros para o munic\u00edpio e informa\u00e7\u00f5es ao Prefeito Municipal.\u00a0<span>Tamb\u00e9m foram apreciadas e votadas cinco Mo\u00e7\u00f5es de Congratula\u00e7\u00f5es e Aplausos.</span></span></span></p>\r\n<p style=\"text-align: justify; \">Foram aprovados o\u00a0<b>Projeto de Decreto Legislativo n\u00ba 003/15</b>,<span> de autoria dos Vereadores H\u00e9lio Jos\u00e9 dos Santos, F\u00e1bio Roberto Amadio, Aguinaldo Pires Galv\u00e3o e Noriko Onishi Saito, que \u201cConcede ao Ilustr\u00edssimo Senhor </span><b>Nivaldo Maia</b><span> o t\u00edtulo de Cidad\u00e3o Adamantinense\u201d -\u00a0<b>EM DISCUSS\u00c3O \u00daNICA</b>, e o\u00a0</span><b>Projeto de Lei n\u00ba 059/15</b>, de autoria do Executivo,\u00a0<span>que \u201cEstima a Receita e Fixa a Despesa do Munic\u00edpio de Adamantina para o exerc\u00edcio de 2016\u201d -\u00a0<b>EM PRIMEIRA DISCUSS\u00c3O</b>.</span></p>\r\n<p style=\"text-align: justify; \"><span>O\u00a0</span><b>Projeto de Lei n\u00ba 052/15</b>, de autoria do Executivo,\u00a0<span>que \u201cDisp\u00f5e sobre altera\u00e7\u00f5es nas Leis n\u00bas 3034, de 30/12/2002, 3071, de 22/12/2003 e 3630, de 03/12/2004, referentes \u00e0 Contribui\u00e7\u00e3o para Custeio do Servi\u00e7o de Ilumina\u00e7\u00e3o P\u00fablica e d\u00e1 outras provid\u00eancias.\u201d e o P</span><b>rojeto de Lei Complementar n\u00ba 327/15</b>, tamb\u00e9m de autoria do Executivo,<span>\u00a0que \u201cDisp\u00f5e sobre os valores b\u00e1sicos unit\u00e1rios do metro quadrado (m\u00b2) de terrenos e edifica\u00e7\u00f5es para apura\u00e7\u00e3o do valor venal dos im\u00f3veis e conseq\u00fcente c\u00e1lculo dos impostos sobre a propriedade predial e territorial urbana \u2013 IPTU.\u201d, foram rejeitados.</span></p>\r\n<p style=\"text-align: justify; \"><span><span>A pr\u00f3xima Sess\u00e3o Ordin\u00e1ria ser\u00e1 realizada dia 23 de novembro, com in\u00edcio as 20h, no Plen\u00e1rio Vereador Jos\u00e9 Ikeda, situado na Rua Osvaldo Cruz, 261 - t\u00e9rreo. Toda a comunidade \u00e9 convidada a acompanhar pessoalmente ou pela Radio J\u00f3ia AM.</span></span></p>", "author_name": "adt", "version": "1.0", "author_url": "https://www.adamantina.sp.leg.br/author/adt", "provider_name": "C\u00e2mara Municipal de Adamantina", "type": "rich"}