{"provider_url": "https://www.adamantina.sp.leg.br", "title": "Resumo 60\u00aa Sess\u00e3o Ordin\u00e1ria", "html": "<p>Ontem, 23, esta Casa de Leis realizou a 60\u00aa Sess\u00e3o Ordin\u00e1ria desta Legislatura.</p>\r\n<p>Conforme <a class=\"external-link\" href=\"https://sapl.adamantina.sp.leg.br/media/sapl/public/materialegislativa/2023/15270/circular_50_-_60a_ordinaria.pdf\" target=\"_blank\" title=\"\">Circular \u00ba 050/2023</a>, nada constou na Ordem do Dia.</p>\r\n<p>Foram apreciados e votados\u00a0<strong>7 Requerimentos</strong>,\u00a0<strong>18 Indica\u00e7\u00f5es</strong><strong>, e\u00a0</strong><strong>2 Mo\u00e7\u00f5es de Congratula\u00e7\u00f5es e Aplausos</strong>.</p>\r\n<p>Assista na \u00edntegra a sess\u00e3o em nossa p\u00e1gina no<a class=\"external-link\" href=\"https://www.youtube.com/watch?v=VgDSFUy0IzI\" target=\"_blank\" title=\"\">\u00a0</a><a class=\"external-link\" href=\"https://www.facebook.com/CamaraAdamantina/videos/1049908656189783/\" target=\"_blank\" title=\"\">Facebook</a>.</p>\r\n<p>A 61<em>\u00aa Sess\u00e3o Ordin\u00e1ria</em>\u00a0realizar-se-\u00e1 no dia 06 de novembro de 2023.</p>\r\n<p>Toda comunidade \u00e9 convidada a acompanhar as sess\u00f5es ao vivo pelo\u00a0<a class=\"external-link\" href=\"https://www.facebook.com/CamaraAdamantina\" target=\"_blank\" title=\"\">facebook</a>,\u00a0bem como pela\u00a0R\u00e1dio Cultura 99,3 FM, TV Cidade e nosso canal no\u00a0<a class=\"external-link\" href=\"https://youtube.com/@cmatransmissao\" target=\"_blank\" title=\"\">Youtube</a>.</p>", "author_name": "", "version": "1.0", "author_url": "https://www.adamantina.sp.leg.br/author/adm", "provider_name": "C\u00e2mara Municipal de Adamantina", "type": "rich"}