{"provider_url": "https://www.adamantina.sp.leg.br", "title": "Resumo 60\u00aa Sess\u00e3o Ordin\u00e1ria", "html": "<div data-block=\"true\" data-editor=\"2pv28\" data-offset-key=\"97rl5-0-0\">\r\n<div class=\"_1mf _1mj\" data-offset-key=\"97rl5-0-0\"><span data-offset-key=\"97rl5-0-0\"><img src=\"https://www.adamantina.sp.leg.br/imagens/copy_of_logo.png/@@images/28aefeea-628e-4b01-8625-15ff4fd5cf02.png\" style=\"float: left; \" title=\"\" class=\"image-inline\" alt=\"\" />Ontem, 16, esta Casa de Leis realizou a 60\u00aa Sess\u00e3o Ordin\u00e1ria.</span></div>\r\n</div>\r\n<div style=\"text-align: justify; \" data-block=\"true\" data-editor=\"2pv28\" data-offset-key=\"fdjom-0-0\">\r\n<div class=\"_1mf _1mj\" data-offset-key=\"fdjom-0-0\"><span data-offset-key=\"fdjom-0-0\">Conforme Circular 040/19, foram apreciados e votados os projetos como segue:</span></div>\r\n</div>\r\n<div style=\"text-align: justify; \" data-block=\"true\" data-editor=\"2pv28\" data-offset-key=\"1gkjr-0-0\">\r\n<div class=\"_1mf _1mj\" data-offset-key=\"1gkjr-0-0\"><span data-offset-key=\"1gkjr-0-0\"><br data-text=\"true\" /></span></div>\r\n</div>\r\n<div style=\"text-align: justify; \" data-block=\"true\" data-editor=\"2pv28\" data-offset-key=\"fp2b1-0-0\">\r\n<div class=\"_1mf _1mj\" data-offset-key=\"fp2b1-0-0\"><span data-offset-key=\"fp2b1-0-0\">EM DISCUSS\u00c3O \u00daNICA</span></div>\r\n</div>\r\n<div style=\"text-align: justify; \" data-block=\"true\" data-editor=\"2pv28\" data-offset-key=\"d2eoo-0-0\">\r\n<div class=\"_1mf _1mj\" data-offset-key=\"d2eoo-0-0\"><span data-offset-key=\"d2eoo-0-0\"><br data-text=\"true\" /></span></div>\r\n</div>\r\n<div style=\"text-align: justify; \" data-block=\"true\" data-editor=\"2pv28\" data-offset-key=\"9n58b-0-0\">\r\n<div class=\"_1mf _1mj\" data-offset-key=\"9n58b-0-0\"><span data-offset-key=\"9n58b-0-0\">Projeto de Lei n\u00ba 061/19 \u2013 PM \u2013 que \u201cDisp\u00f5e sobre abertura de cr\u00e9dito adicional especial ao Or\u00e7amento da Prefeitura do Munic\u00edpio de Adamantina no valor total de R$191.200,00 (cento e noventa e um mil e duzentos reais).\u201d </span></div>\r\n</div>\r\n<div style=\"text-align: justify; \" data-block=\"true\" data-editor=\"2pv28\" data-offset-key=\"6bq4-0-0\">\r\n<div class=\"_1mf _1mj\" data-offset-key=\"6bq4-0-0\"><span data-offset-key=\"6bq4-0-0\"><br data-text=\"true\" /></span></div>\r\n</div>\r\n<div style=\"text-align: justify; \" data-block=\"true\" data-editor=\"2pv28\" data-offset-key=\"4i3ld-0-0\">\r\n<div class=\"_1mf _1mj\" data-offset-key=\"4i3ld-0-0\"><span data-offset-key=\"4i3ld-0-0\">EM SEGUNDA DISCUSS\u00c3O E REDA\u00c7\u00c3O FINAL</span></div>\r\n</div>\r\n<div style=\"text-align: justify; \" data-block=\"true\" data-editor=\"2pv28\" data-offset-key=\"f3729-0-0\">\r\n<div class=\"_1mf _1mj\" data-offset-key=\"f3729-0-0\"><span data-offset-key=\"f3729-0-0\"><br data-text=\"true\" /></span></div>\r\n</div>\r\n<div style=\"text-align: justify; \" data-block=\"true\" data-editor=\"2pv28\" data-offset-key=\"anhli-0-0\">\r\n<div class=\"_1mf _1mj\" data-offset-key=\"anhli-0-0\"><span data-offset-key=\"anhli-0-0\">Projeto de Lei n\u00ba 036/19 \u2013 PM \u2013 que \u201cDisp\u00f5e sobre a cria\u00e7\u00e3o de fun\u00e7\u00e3o gratificada de Coordenador de Servi\u00e7os e de Manuten\u00e7\u00e3o, bem como sobre seu exerc\u00edcio, no \u00e2mbito da Administra\u00e7\u00e3o Direta do Poder Executivo Municipal e altera o Anexo I da Lei n\u00ba 3.859, de 12 de dezembro de 2018 e d\u00e1 outras provid\u00eancias.\u201d (recebeu emenda)</span></div>\r\n</div>\r\n<div style=\"text-align: justify; \" data-block=\"true\" data-editor=\"2pv28\" data-offset-key=\"7asld-0-0\">\r\n<div class=\"_1mf _1mj\" data-offset-key=\"7asld-0-0\"><span data-offset-key=\"7asld-0-0\"><br data-text=\"true\" /></span></div>\r\n</div>\r\n<div style=\"text-align: justify; \" data-block=\"true\" data-editor=\"2pv28\" data-offset-key=\"7mfcq-0-0\">\r\n<div class=\"_1mf _1mj\" data-offset-key=\"7mfcq-0-0\"><span data-offset-key=\"7mfcq-0-0\">Projeto de Lei n\u00ba 051/19 \u2013 Vereador Eduardo Rodrigues Fiorillo, H\u00e9lio Jos\u00e9 dos Santos e Maria de Lourdes Santos Gil \u2013 que \u201cDeclara de utilidade p\u00fablica municipal o Grupo de Apoio Materno Infantil - GAMI.\u201d</span></div>\r\n</div>\r\n<div style=\"text-align: justify; \" data-block=\"true\" data-editor=\"2pv28\" data-offset-key=\"etetf-0-0\">\r\n<div class=\"_1mf _1mj\" data-offset-key=\"etetf-0-0\"><span data-offset-key=\"etetf-0-0\"><br data-text=\"true\" /></span></div>\r\n</div>\r\n<div style=\"text-align: justify; \" data-block=\"true\" data-editor=\"2pv28\" data-offset-key=\"dvrbk-0-0\">\r\n<div class=\"_1mf _1mj\" data-offset-key=\"dvrbk-0-0\"><span data-offset-key=\"dvrbk-0-0\">Projeto de Lei n\u00ba 053/19 \u2013 PM \u2013 que \u201cAprova o Plano Municipal de Promo\u00e7\u00e3o, Prote\u00e7\u00e3o e Defesa do Direito de Crian\u00e7as e Adolescentes \u00e0 Conviv\u00eancia Familiar e Comunit\u00e1ria e d\u00e1 outras provid\u00eancias.\u201d</span></div>\r\n</div>\r\n<div style=\"text-align: justify; \" data-block=\"true\" data-editor=\"2pv28\" data-offset-key=\"5pfsq-0-0\">\r\n<div class=\"_1mf _1mj\" data-offset-key=\"5pfsq-0-0\"><span data-offset-key=\"5pfsq-0-0\"><br data-text=\"true\" /></span></div>\r\n</div>\r\n<div style=\"text-align: justify; \" data-block=\"true\" data-editor=\"2pv28\" data-offset-key=\"8ldba-0-0\">\r\n<div class=\"_1mf _1mj\" data-offset-key=\"8ldba-0-0\"><span data-offset-key=\"8ldba-0-0\">Projeto de Lei Complementar n\u00ba 017/19 \u2013 PM \u2013 que \u201cDisp\u00f5e sobre autoriza\u00e7\u00e3o para que o Chefe do Poder Executivo possa outorgar Concess\u00e3o de Direito Real de Uso de Im\u00f3vel \u00e0 Dias Neto Representa\u00e7\u00f5es Ltda.\u201d</span></div>\r\n</div>\r\n<div style=\"text-align: justify; \" data-block=\"true\" data-editor=\"2pv28\" data-offset-key=\"4lf6n-0-0\">\r\n<div class=\"_1mf _1mj\" data-offset-key=\"4lf6n-0-0\"><span data-offset-key=\"4lf6n-0-0\"><br data-text=\"true\" /></span></div>\r\n</div>\r\n<div style=\"text-align: justify; \" data-block=\"true\" data-editor=\"2pv28\" data-offset-key=\"3vto8-0-0\">\r\n<div class=\"_1mf _1mj\" data-offset-key=\"3vto8-0-0\"><span data-offset-key=\"3vto8-0-0\">Projeto de Lei Complementar n\u00ba 018/19 \u2013 PM \u2013 que \u201cDisp\u00f5e sobre autoriza\u00e7\u00e3o para que o Chefe do Poder Executivo possa outorgar Concess\u00e3o de Direito Real de Uso de Im\u00f3vel \u00e0 M\u00e1rcia Marina dos Santos Pereira - ME.\u201d</span></div>\r\n</div>\r\n<div style=\"text-align: justify; \" data-block=\"true\" data-editor=\"2pv28\" data-offset-key=\"3n51u-0-0\">\r\n<div class=\"_1mf _1mj\" data-offset-key=\"3n51u-0-0\"><span data-offset-key=\"3n51u-0-0\"><br data-text=\"true\" /></span></div>\r\n</div>\r\n<div style=\"text-align: justify; \" data-block=\"true\" data-editor=\"2pv28\" data-offset-key=\"1fi2p-0-0\">\r\n<div class=\"_1mf _1mj\" data-offset-key=\"1fi2p-0-0\"><span data-offset-key=\"1fi2p-0-0\">Projeto de Lei Complementar n\u00ba 019/19 \u2013 PM - que \u201cDisp\u00f5e sobre autoriza\u00e7\u00e3o para que o Chefe do Poder Executivo possa outorgar Concess\u00e3o de Direito Real de Uso de Im\u00f3vel \u00e0 M\u00e1rcia Aparecida Soares Cuelva Lupo ME.\u201d</span></div>\r\n</div>\r\n<div style=\"text-align: justify; \" data-block=\"true\" data-editor=\"2pv28\" data-offset-key=\"9onfn-0-0\">\r\n<div class=\"_1mf _1mj\" data-offset-key=\"9onfn-0-0\"><span data-offset-key=\"9onfn-0-0\"><br data-text=\"true\" /></span></div>\r\n</div>\r\n<div style=\"text-align: justify; \" data-block=\"true\" data-editor=\"2pv28\" data-offset-key=\"fea5s-0-0\">\r\n<div class=\"_1mf _1mj\" data-offset-key=\"fea5s-0-0\"><span data-offset-key=\"fea5s-0-0\">Projeto de Lei Complementar n\u00ba 020/19 \u2013 PM - que \u201cDisp\u00f5e sobre autoriza\u00e7\u00e3o para que o Chefe do Poder Executivo possa outorgar Concess\u00e3o de Direito Real de Uso de Im\u00f3vel \u00e0 Ronaldo Orestes Mariusso &amp; Cia. Ltda.\u201d</span></div>\r\n</div>\r\n<div style=\"text-align: justify; \" data-block=\"true\" data-editor=\"2pv28\" data-offset-key=\"9bdbr-0-0\">\r\n<div class=\"_1mf _1mj\" data-offset-key=\"9bdbr-0-0\"><span data-offset-key=\"9bdbr-0-0\"><br data-text=\"true\" /></span></div>\r\n</div>\r\n<div style=\"text-align: justify; \" data-block=\"true\" data-editor=\"2pv28\" data-offset-key=\"34cpp-0-0\">\r\n<div class=\"_1mf _1mj\" data-offset-key=\"34cpp-0-0\"><span data-offset-key=\"34cpp-0-0\">Projeto de Lei Complementar n\u00ba 021/19 \u2013 PM - que \u201cDisp\u00f5e sobre autoriza\u00e7\u00e3o para que o Chefe do Poder Executivo possa outorgar Concess\u00e3o de Direito Real de Uso de Im\u00f3vel \u00e0 Ato Solu\u00e7\u00e3o Ambiental Eireli.\u201d</span></div>\r\n</div>\r\n<div style=\"text-align: justify; \" data-block=\"true\" data-editor=\"2pv28\" data-offset-key=\"39c4v-0-0\">\r\n<div class=\"_1mf _1mj\" data-offset-key=\"39c4v-0-0\"><span data-offset-key=\"39c4v-0-0\"><br data-text=\"true\" /></span></div>\r\n</div>\r\n<div style=\"text-align: justify; \" data-block=\"true\" data-editor=\"2pv28\" data-offset-key=\"5dpgv-0-0\">\r\n<div class=\"_1mf _1mj\" data-offset-key=\"5dpgv-0-0\"><span data-offset-key=\"5dpgv-0-0\">Projeto de Lei Complementar n\u00ba 022/19 \u2013 PM - que \u201cDisp\u00f5e sobre autoriza\u00e7\u00e3o para que o Chefe do Poder Executivo possa outorgar Concess\u00e3o de Direito Real de Uso de Im\u00f3vel \u00e0 Daniela M. Andreotti Oliveira - ME.\u201d</span></div>\r\n</div>\r\n<div style=\"text-align: justify; \" data-block=\"true\" data-editor=\"2pv28\" data-offset-key=\"24e3s-0-0\">\r\n<div class=\"_1mf _1mj\" data-offset-key=\"24e3s-0-0\"><span data-offset-key=\"24e3s-0-0\"><br data-text=\"true\" /></span></div>\r\n</div>\r\n<div style=\"text-align: justify; \" data-block=\"true\" data-editor=\"2pv28\" data-offset-key=\"aginl-0-0\">\r\n<div class=\"_1mf _1mj\" data-offset-key=\"aginl-0-0\"><span data-offset-key=\"aginl-0-0\">EM PRIMEIRA DISCUSS\u00c3O</span></div>\r\n</div>\r\n<div style=\"text-align: justify; \" data-block=\"true\" data-editor=\"2pv28\" data-offset-key=\"31i4v-0-0\">\r\n<div class=\"_1mf _1mj\" data-offset-key=\"31i4v-0-0\"><span data-offset-key=\"31i4v-0-0\"><br data-text=\"true\" /></span></div>\r\n</div>\r\n<div style=\"text-align: justify; \" data-block=\"true\" data-editor=\"2pv28\" data-offset-key=\"97l5a-0-0\">\r\n<div class=\"_1mf _1mj\" data-offset-key=\"97l5a-0-0\"><span data-offset-key=\"97l5a-0-0\">Projeto de Lei Complementar n\u00ba 023/19 \u2013 PM - que \u201cDisp\u00f5e sobre autoriza\u00e7\u00e3o para que o Chefe do Poder Executivo possa outorgar Concess\u00e3o de Uso dos Im\u00f3veis que especifica a Organiza\u00e7\u00e3o N\u00e3o Governamental Apelos e Patas de Adamantina \u2013 ONG/APA e d\u00e1 outras provid\u00eancias.\u201d</span></div>\r\n</div>\r\n<div style=\"text-align: justify; \" data-block=\"true\" data-editor=\"2pv28\" data-offset-key=\"7jcp6-0-0\">\r\n<div class=\"_1mf _1mj\" data-offset-key=\"7jcp6-0-0\"><span data-offset-key=\"7jcp6-0-0\"><br data-text=\"true\" /></span></div>\r\n</div>\r\n<div style=\"text-align: justify; \" data-block=\"true\" data-editor=\"2pv28\" data-offset-key=\"afdms-0-0\">\r\n<div class=\"_1mf _1mj\" data-offset-key=\"afdms-0-0\"><span data-offset-key=\"afdms-0-0\">Projeto de Lei n\u00ba 059/19 \u2013 Vereadores Ac\u00e1cio Rocha Perez Guerrero e Alcio Roberto Ikeda J\u00fanior \u2013 que \u201cDisp\u00f5e sobre as a\u00e7\u00f5es de divulga\u00e7\u00e3o das atividades da Prefeitura do Munic\u00edpio de Adamantina nas redes sociais e d\u00e1 outras provid\u00eancias.\u201d</span></div>\r\n</div>\r\n<div style=\"text-align: justify; \" data-block=\"true\" data-editor=\"2pv28\" data-offset-key=\"136ek-0-0\">\r\n<div class=\"_1mf _1mj\" data-offset-key=\"136ek-0-0\"><span data-offset-key=\"136ek-0-0\"><br data-text=\"true\" /></span></div>\r\n</div>\r\n<div style=\"text-align: justify; \" data-block=\"true\" data-editor=\"2pv28\" data-offset-key=\"ecqkf-0-0\">\r\n<div class=\"_1mf _1mj\" data-offset-key=\"ecqkf-0-0\"><span data-offset-key=\"ecqkf-0-0\">TODOS OS PROJETOS FORAM APROVADOS POR UNANIMIDADE</span></div>\r\n</div>\r\n<div style=\"text-align: justify; \" data-block=\"true\" data-editor=\"2pv28\" data-offset-key=\"fd8ms-0-0\">\r\n<div class=\"_1mf _1mj\" data-offset-key=\"fd8ms-0-0\"><span data-offset-key=\"fd8ms-0-0\"><br data-text=\"true\" /></span></div>\r\n</div>\r\n<div style=\"text-align: justify; \" data-block=\"true\" data-editor=\"2pv28\" data-offset-key=\"casca-0-0\">\r\n<div class=\"_1mf _1mj\" data-offset-key=\"casca-0-0\"><span data-offset-key=\"casca-0-0\">Ainda, foram apreciados e votados 21 REQUERIMENTOS em sua maioria solicitando recursos ao munic\u00edpio, e 42 INDICA\u00c7\u00d5ES pedindo, em sua maioria, melhorias para a cidade. e 3 MO\u00c7\u00d5ES DE CONGRATULA\u00c7\u00d5ES E APLAUSOS.</span></div>\r\n</div>\r\n<div style=\"text-align: justify; \" data-block=\"true\" data-editor=\"2pv28\" data-offset-key=\"99kgm-0-0\">\r\n<div class=\"_1mf _1mj\" data-offset-key=\"99kgm-0-0\"><span data-offset-key=\"99kgm-0-0\"><br data-text=\"true\" /></span></div>\r\n</div>\r\n<div style=\"text-align: justify; \" data-block=\"true\" data-editor=\"2pv28\" data-offset-key=\"fjevo-0-0\">\r\n<div class=\"_1mf _1mj\" data-offset-key=\"fjevo-0-0\"><span data-offset-key=\"fjevo-0-0\">A reuni\u00e3o contou com a presen\u00e7a de todos os vereadores, representantes da imprensa escrita e falada, bem como membros da comunidade adamantinense.</span></div>\r\n</div>\r\n<div style=\"text-align: justify; \" data-block=\"true\" data-editor=\"2pv28\" data-offset-key=\"96ujd-0-0\">\r\n<div class=\"_1mf _1mj\" data-offset-key=\"96ujd-0-0\"><span data-offset-key=\"96ujd-0-0\"><br data-text=\"true\" /></span></div>\r\n</div>\r\n<div style=\"text-align: justify; \" data-block=\"true\" data-editor=\"2pv28\" data-offset-key=\"2iske-0-0\">\r\n<div class=\"_1mf _1mj\" data-offset-key=\"2iske-0-0\"><span data-offset-key=\"2iske-0-0\">A PR\u00d3XIMA SESS\u00c3O ORDIN\u00c1RIA, (61\u00aa) SER\u00c1 REALIZADA DIA 07 DE OUTUBRO NO PLEN\u00c1RIO VEREADOR JOS\u00c9 IKEDA.</span></div>\r\n</div>\r\n<div style=\"text-align: justify; \" data-block=\"true\" data-editor=\"2pv28\" data-offset-key=\"20tr9-0-0\">\r\n<div class=\"_1mf _1mj\" data-offset-key=\"20tr9-0-0\"><span data-offset-key=\"20tr9-0-0\"><br data-text=\"true\" /></span></div>\r\n</div>\r\n<div style=\"text-align: justify; \" data-block=\"true\" data-editor=\"2pv28\" data-offset-key=\"cl07p-0-0\">\r\n<div class=\"_1mf _1mj\" data-offset-key=\"cl07p-0-0\"><span data-offset-key=\"cl07p-0-0\">Toda comunidade \u00e9 convidada a assistir pessoalmente, ao vivo pelo <a class=\"external-link\" href=\"https://www.facebook.com/CamaraAdamantina/\" target=\"_blank\" title=\"\">Facebook,</a> ou pelas R\u00e1dios LIFE FM e Brasil FM.</span></div>\r\n</div>\r\n<div style=\"text-align: justify; \" data-block=\"true\" data-editor=\"2pv28\" data-offset-key=\"29nk9-0-0\">\r\n<div class=\"_1mf _1mj\" data-offset-key=\"29nk9-0-0\"><span data-offset-key=\"29nk9-0-0\"><br data-text=\"true\" /></span></div>\r\n</div>\r\n<div style=\"text-align: justify; \" data-block=\"true\" data-editor=\"2pv28\" data-offset-key=\"2hsjf-0-0\">\r\n<div class=\"_1mf _1mj\" data-offset-key=\"2hsjf-0-0\"></div>\r\n</div>\r\n<div style=\"text-align: justify; \" data-block=\"true\" data-editor=\"2pv28\" data-offset-key=\"33q3a-0-0\">\r\n<div class=\"_1mf _1mj\" data-offset-key=\"33q3a-0-0\"><span data-offset-key=\"33q3a-0-0\"><br data-text=\"true\" /></span></div>\r\n</div>\r\n<div style=\"text-align: justify; \" data-block=\"true\" data-editor=\"2pv28\" data-offset-key=\"97p3r-0-0\">\r\n<div class=\"_1mf _1mj\" data-offset-key=\"97p3r-0-0\"></div>\r\n</div>", "author_name": "adt", "version": "1.0", "author_url": "https://www.adamantina.sp.leg.br/author/adt", "provider_name": "C\u00e2mara Municipal de Adamantina", "type": "rich"}