{"provider_url": "https://www.adamantina.sp.leg.br", "title": "Resumo 5\u00aa Sess\u00e3o Ordin\u00e1ria", "html": "<p style=\"text-align: justify; \">Ontem, 07, a C\u00e2mara Municipal de Adamantina realizou a 5\u00aa Sess\u00e3o Ordin\u00e1ria desta Legislatura.</p>\r\n<p style=\"text-align: justify; \">Conforma <a class=\"external-link\" href=\"https://sapl.adamantina.sp.leg.br/media/sapl/public/materialegislativa/2025/16456/circular_010_-_5a_sessao_ordinaria.pdf\" target=\"_blank\" title=\"\">Circular n\u00ba 010/25</a>, foram apreciados e votados os projetos como segue:</p>\r\n<p style=\"text-align: justify; \"><b><span>EM SEGUNDA DISCUSS\u00c3O E REDA\u00c7\u00c3O FINAL</span></b></p>\r\n<p style=\"text-align: justify; \"><b><a class=\"external-link\" href=\"https://sapl.adamantina.sp.leg.br/media/sapl/public/materialegislativa/2025/16350/3a_ordinaria_-_plc_005_m_019_-_projeto_de_lei_criacao_de_cargos_enfermeiro.pdf\" target=\"_blank\" title=\"\">Projeto de Lei Complementar n\u00ba 005/2025</a></b><span> \u2013 PM \u2013 que \u201cDisp\u00f5e sobre a cria\u00e7\u00e3o de 02 (duas) novas vagas para o emprego de Enfermeiro(a) ESF \u2013 40h/semanais, visando o preenchimento de vagas existentes, com o objetivo de preenchimento das equipes de ESF de acordo com a necessidade e d\u00e1 outras provid\u00eancias.\u201d</span></p>\r\n<p style=\"text-align: justify; \"><b><span><a class=\"external-link\" href=\"https://sapl.adamantina.sp.leg.br/media/sapl/public/materialegislativa/2025/16346/3a_ordinaria_-_pe_loma_001_m_022-_prazo_ldo.pdf\" target=\"_blank\" title=\"\">Projeto de Emenda \u00e0 LOMA n\u00ba 001/2025</a></span></b> \u2013 PM \u2013 que \u201cDisp\u00f5e sobre o acr\u00e9scimo de par\u00e1grafo \u00fanico ao artigo 16 das Disposi\u00e7\u00f5es Transit\u00f3rias da Lei Org\u00e2nica do Munic\u00edpio de Adamantina - LOMA.\u201d</p>\r\n<p align=\"center\" style=\"text-align: justify; \">Todos os projetos foram aprovados por unanimidade.</p>\r\n<p>Ainda, foram apresentados\u00a0<strong>8 Requerimentos</strong>,\u00a0<strong>28 Indica\u00e7\u00f5es</strong>, e\u00a0<strong>2 Mo\u00e7\u00f5es de Congratula\u00e7\u00f5es e Aplausos</strong>.</p>\r\n<p>A reuni\u00e3o contou com a presen\u00e7a de todos os vereadores.</p>\r\n<p>Assista na \u00edntegra a sess\u00e3o em nosso Canal no\u00a0<a class=\"external-link\" href=\"https://www.youtube.com/watch?v=yrEhCIaeKm4\" target=\"_blank\" title=\"\">YouTube</a>.</p>\r\n<p><span>Toda comunidade \u00e9 convidada a acompanhar as sess\u00f5es ao vivo pelo\u00a0</span><a class=\"external-link\" href=\"https://www.facebook.com/CamaraAdamantina\" target=\"_blank\" title=\"\">facebook</a><span>,\u00a0bem como pela\u00a0R\u00e1dio Cultura e nosso canal no\u00a0</span><a class=\"external-link\" href=\"https://youtube.com/@cmatransmissao\" target=\"_blank\" title=\"\">Youtube</a><span>.</span></p>", "author_name": "", "version": "1.0", "author_url": "https://www.adamantina.sp.leg.br/author/adm", "provider_name": "C\u00e2mara Municipal de Adamantina", "type": "rich"}