{"provider_url": "https://www.adamantina.sp.leg.br", "title": "Resumo 5\u00aa Sess\u00e3o Ordin\u00e1ria", "html": "<p style=\"text-align: justify; \">Na \u00faltima segunda-feira, 05, a C\u00e2mara Municipal de Adamantina realizou a 5\u00aa Sess\u00e3o Ordin\u00e1ria.</p>\r\n<p style=\"text-align: justify; \">Conforme <a class=\"external-link\" href=\"https://sapl.adamantina.sp.leg.br/media/sapl/public/materialegislativa/2021/12313/circular_010_-_5a_sessao_ordinaria.pdf\" target=\"_blank\" title=\"\">Circular n\u00ba 010/2021</a> foram apreciados e votados,\u00a0<b>EM DISCUSS\u00c3O \u00daNICA</b></p>\r\n<p style=\"text-align: justify; \"><b><a class=\"external-link\" href=\"https://sapl.adamantina.sp.leg.br/media/sapl/public/materialegislativa/2021/12170/4a_ordinaria_-_pl_026_vale_das_pedrinhas.pdf\" target=\"_blank\" title=\"\">Projeto de Lei n\u00ba 026/2021</a></b><span> \u2013 Vereadores Rafael Rodrigues Pacheco, Alcio Roberto Ikeda J\u00fanior e Ant\u00f4nio Le\u00f4ncio da Silva \u2013 que \u201cDisp\u00f5e sobre a denomina\u00e7\u00e3o da Quadra Poliesportiva do Jardim Primavera de \u201cVale das Pedrinhas\u201d e d\u00e1 outras provid\u00eancias.\u201d</span></p>\r\n<p style=\"text-align: justify; \"><b><span><a class=\"external-link\" href=\"https://sapl.adamantina.sp.leg.br/media/sapl/public/materialegislativa/2021/12172/4a_ordinaria_-_pl_028_-_lista_de_vacinas_covid.pdf\" target=\"_blank\" title=\"\">Projeto de Lei n\u00ba 028/2021</a></span></b> \u2013 Vereadores Paulo C\u00e9sar Cervelheira de Oliveira, Noriko Onishi Saito, Alcio Roberto Ikeda J\u00fanior, Ant\u00f4nio Le\u00f4ncio da Silva e Rafael Rodrigues Pacheco \u2013 que \u201cDisp\u00f5e sobre a inclus\u00e3o da lista de vacina\u00e7\u00e3o contra COVID-19 e informa\u00e7\u00f5es adicionais no Portal da Transpar\u00eancia do Munic\u00edpio de Adamantina e d\u00e1 outras provid\u00eancias.\u201d\u00a0</p>\r\n<p style=\"text-align: justify; \">OS PROJETOS FORAM APROVADOS POR UNANIMIDADE.</p>\r\n<p style=\"text-align: justify; \">Ainda, foram apreciados,\u00a0<strong>15 Requerimentos</strong>,\u00a0<strong>51 Indica\u00e7\u00f5es</strong>,\u00a0<strong>5 Mo\u00e7\u00f5es de Congratula\u00e7\u00f5es e Aplausos</strong>.</p>\r\n<p style=\"text-align: justify; \"><span>Assista na \u00edntegra a sess\u00e3o que foi transmitida pela nossa\u00a0</span><a class=\"external-link\" href=\"https://www.facebook.com/CamaraAdamantina/videos/1117164152086051\" target=\"_blank\" title=\"\">fanpage</a><span>.</span></p>\r\n<p>A 6\u00aa Sess\u00e3o Ordin\u00e1ria, realizar-se-\u00e1 no dia 16 de abril de 2021.</p>\r\n<p><span>Toda comunidade \u00e9 convidada a acompanhar ao vivo pelo\u00a0</span><a class=\"external-link\" href=\"https://www.facebook.com/CamaraAdamantina\" target=\"_blank\" title=\"\">facebook</a>, bem como pela\u00a0<span>R\u00e1dio Cultura, 99,3 FM e Radio Joia 93,7 FM.</span></p>", "author_name": "", "version": "1.0", "author_url": "https://www.adamantina.sp.leg.br/author/adm", "provider_name": "C\u00e2mara Municipal de Adamantina", "type": "rich"}