{"provider_url": "https://www.adamantina.sp.leg.br", "title": "Resumo 5\u00aa Sess\u00e3o Ordin\u00e1ria", "html": "<p style=\"text-align: justify; \">No \u00faltimo dia 03 de abril, a C\u00e2mara Municipal de Adamantina realizou a 5\u00aa Sess\u00e3o Ordin\u00e1ria. F<span>oram apreciados e votados 08 requerimentos, em sua maioria solicitando recursos financeiros ao munic\u00edpio, 43 indica\u00e7\u00f5es, solicitando ao Executivo melhorias em diversos setores da cidade e 2 Mo\u00e7\u00f5es de Congratula\u00e7\u00f5es e Aplausos.</span></p>\r\n<p style=\"text-align: justify; \"><span><span>Conforme Circular n\u00ba 011/17, foram apreciados e votados os projetos abaixo:</span></span></p>\r\n<p style=\"text-align: justify; \"><span><span>EM DISCUSS\u00c3O \u00daNICA, foram apreciados:\u00a0</span></span><b>Veto Parcial n\u00ba 001/17</b><span>- Emenda Modificativa n\u00ba 002/17 ao Projeto de Lei n\u00ba 004, de 02/02/17, que \u2018Disp\u00f5e sobre autoriza\u00e7\u00e3o ao Poder Executivo Municipal celebrar conv\u00eanio com o Instituto de Estudos de Protesto de T\u00edtulos do Brasil \u2013 Se\u00e7\u00e3o de S\u00e3o Paulo e com os Tabeli\u00e3es de Notas e de Protestos de Letras e T\u00edtulos da Comarca de Adamantina e d\u00e1 outras provid\u00eancias\u2019. Foi ACATADO com votos contr\u00e1rios dos Vereadores Ac\u00e1cio Rocha Perez Guerrero e Alcio Roberto Ikeda J\u00fanior. O\u00a0</span><b>Projeto de Lei n\u00ba 015/17</b><span> \u2013 PM e o\u00a0</span><b>Projeto de Lei n\u00ba 016/17</b><span> \u2013 PM foram APROVADOS POR UNANIMIDADE.</span></p>\r\n<p style=\"text-align: justify; \"><span>EM PRIMEIRA DISCUSS\u00c3O foi apreciado o\u00a0<b><span>Projeto de Lei Complementar n\u00ba 009/17</span></b><span>, de autoria do vereador Alcio Ikeda, foi REJEITADO\u00a0com votos favor\u00e1veis dos Vereadores Alcio Roberto Ikeda J\u00fanior, Ac\u00e1cio Rocha Perez Guerrero, Paulo C\u00e9sar Cervelheira de Oliveira e Jo\u00e3o Davoli. Votaram contra os Vereadores Aguinaldo Pires Galv\u00e3o, Eder do Nascimento Ruete, H\u00e9lio Jos\u00e9 dos Santos e Maria de Lourdes Santos Gil. Portanto, houve empate na vota\u00e7\u00e3o, o que exigiu o voto minerva do Senhor Presidente, que desempatou votando desfavoravelmente \u00e0 sua aprova\u00e7\u00e3o, sendo o mesmo rejeitado.\u00a0</span></span></p>\r\n<p align=\"justify\">A reuni\u00e3o contou com a presen\u00e7a de todos os vereadores, representantes da imprensa escrita e falada e outros membros de nossa comunidade.</p>\r\n<p align=\"justify\"><span>A pr\u00f3xima Sess\u00e3o Ordin\u00e1ria, ser\u00e1 realizada dia 17 de abril, \u00e0s 20h.\u00a0</span><span>Toda a comunidade \u00e9 convidada a acompanhar pessoalmente ou pelas Radios J\u00f3ia \u00a0e LIFE,\u00a0</span><span>no Plen\u00e1rio Vereador Jos\u00e9 Ikeda\u00a0situado na Rua Osvaldo Cruz, 261 - t\u00e9rreo.</span><span>\u00a0</span></p>", "author_name": "adt", "version": "1.0", "author_url": "https://www.adamantina.sp.leg.br/author/adt", "provider_name": "C\u00e2mara Municipal de Adamantina", "type": "rich"}