{"provider_url": "https://www.adamantina.sp.leg.br", "title": "Resumo 5\u00aa Sess\u00e3o Extraordin\u00e1ria", "html": "<p style=\"text-align: justify; \">No \u00faltimo dia 07, (quarta-feira) esta Casa de Leis realizou a 5\u00aa Sess\u00e3o Extraordin\u00e1ria.\u00a0</p>\r\n<p style=\"text-align: justify; \">Foi apreciado o\u00a0<strong>Of\u00edcio</strong><b> n\u00ba 331/2021/GAB</b><span>, solicitando o referendo dessa Egr\u00e9gia C\u00e2mara dos indicados para Reitor e Vice-Reitor da UNIFAI \u2013 Centro Universit\u00e1rio de Adamantina, (</span><b>Reitor</b><span>: Prof.\u00a0 Dr. Alexandre Teixeira de Souza,\u00a0</span><b>Vice-Reitor</b><span>: Prof. Dr. Wendel Cleber Soares).</span></p>\r\n<p style=\"text-align: justify; \"><span>O mesmo foi aprovado.</span></p>\r\n<p>A Sess\u00e3o contou com a presen\u00e7a de todos os Vereadores.</p>\r\n<p><span>Assista na \u00edntegra a sess\u00e3o que foi transmitida pela nossa\u00a0</span><a class=\"external-link\" href=\"https://www.facebook.com/CamaraAdamantina/videos/341884577453430\" target=\"_blank\" title=\"\">fanpage</a><span>.</span></p>\r\n<p><span>A C\u00e2mara Municipal entrar\u00e1 em recesso legislativo a partir do dia 18 at\u00e9 31 de julho.</span></p>", "author_name": "", "version": "1.0", "author_url": "https://www.adamantina.sp.leg.br/author/adm", "provider_name": "C\u00e2mara Municipal de Adamantina", "type": "rich"}