{"provider_url": "https://www.adamantina.sp.leg.br", "title": "Resumo 5\u00aa Sess\u00e3o Extraordin\u00e1ria", "html": "<p style=\"text-align: justify; \">No dia 29 de junho, foi realizada a 5\u00aa Sess\u00e3o Extraordin\u00e1ria da C\u00e2mara de Adamantina a fim de apreciar o <b><span>Of\u00edcio n\u00ba 379/2017-GAB do Senhor Prefeito</span></b> encaminhando, nos termos da Lei Complementar n\u00ba 274, de 25 de maio de 2017, indicando o Reitor e o Vice-Reitor da UNIFAI \u2013 Centro Universit\u00e1rio de Adamantina na gest\u00e3o julho/2017 a julho/2021, solicitando \u201cad referendum\u201d da C\u00e2mara Municipal o nome do Prof. Dr. Paulo S\u00e9rgio da Silva para o cargo de Reitor e Prof. Dr. F\u00e1bio Alexandre Guimar\u00e3es Botteon, para o cargo de Vice-Reitor. Deixado livre o uso da palavra, todos os Vereadores se manifestaram a favor do referendo, desejando-lhes uma prof\u00edcua gest\u00e3o.</p>", "author_name": "adt", "version": "1.0", "author_url": "https://www.adamantina.sp.leg.br/author/adt", "provider_name": "C\u00e2mara Municipal de Adamantina", "type": "rich"}