{"provider_url": "https://www.adamantina.sp.leg.br", "title": "Resumo 59\u00aa Sess\u00e3o Ordin\u00e1ria", "html": "<p style=\"text-align: justify; \">Na \u00faltimo dia 09, segunda-feira, a C\u00e2mara Municipal de Adamantina realizou a 59\u00aa Sess\u00e3o Ordin\u00e1ria desta Legislatura.</p>\r\n<p style=\"text-align: justify; \">Conforme <a class=\"external-link\" href=\"https://sapl.adamantina.sp.leg.br/media/sapl/public/materialegislativa/2023/15212/circular_046_-_59a_sessao_ordinaria.pdf\" target=\"_blank\" title=\"\">Circular n\u00ba 046/2023</a>, foram apreciados e votados os projetos como segue:</p>\r\n<p style=\"text-align: center; \"><b><span>EM DISCUSS\u00c3O \u00daNICA</span></b><span>\u00a0</span></p>\r\n<p style=\"text-align: justify; \"><a class=\"external-link\" href=\"https://sapl.adamantina.sp.leg.br/media/sapl/public/materialegislativa/2023/15211/projeto_de_decreto_legislativo_002_-_nelly_junqueira_de_freitas_58a_ordinaria.pdf\" target=\"_blank\" title=\"\"><b><span>Projeto de </span></b><b><span>Decreto Legislativo n\u00ba </span></b><b><span>002/2023</span></b></a> \u2013 Vereadora Noriko Onishi Saito e todos os demais Vereadores \u2013 que \u201cConcede \u00e0 Ilustr\u00edssima Senhora Nelli Junqueira de Freitas o T\u00edtulo de Cidad\u00e3 Adamantinense..\u201d</p>\r\n<p style=\"text-align: justify; \"><a class=\"external-link\" href=\"https://sapl.adamantina.sp.leg.br/media/sapl/public/materialegislativa/2023/15174/58a_projeto_de_lei_077_m_098_-_desafetacao_areas_lc_421_422_423_e_424_-_investiduras.pdf\" target=\"_blank\" title=\"\"><b><span>Projeto de Lei n\u00ba 077/2023</span></b> </a>\u2013 PM \u2013 que \u201cDisp\u00f5e sobre a transforma\u00e7\u00e3o das \u00e1reas descritas e d\u00e1 outras provid\u00eancias.\u201d</p>\r\n<p style=\"text-align: justify; \">Todos os projetos foram aprovados por unanimidade.</p>\r\n<p style=\"text-align: justify; \">Ainda, foram apreciados e votados\u00a0<strong>7 Requerimentos</strong>,\u00a0<strong>31 Indica\u00e7\u00f5es</strong>,\u00a0<strong>2 Mo\u00e7\u00f5es de Congratula\u00e7\u00f5es e Aplausos\u00a0</strong>e\u00a0<strong>1 Mo\u00e7\u00e3o de Apoio</strong>.</p>\r\n<p>A reuni\u00e3o contou com a presen\u00e7a de todos os vereadores</p>\r\n<p>Assista na \u00edntegra a sess\u00e3o em nossa p\u00e1gina no<a class=\"external-link\" href=\"https://www.youtube.com/watch?v=VgDSFUy0IzI\" target=\"_blank\" title=\"\">\u00a0YouTube</a>.</p>\r\n<p>A 60<em>\u00aa Sess\u00e3o Ordin\u00e1ria</em>\u00a0realizar-se-\u00e1 no dia 23 de outubro de 2023.</p>\r\n<p>Toda comunidade \u00e9 convidada a acompanhar as sess\u00f5es ao vivo pelo\u00a0<a class=\"external-link\" href=\"https://www.facebook.com/CamaraAdamantina\" target=\"_blank\" title=\"\">facebook</a>,\u00a0bem como pela\u00a0R\u00e1dio Cultura 99,3 FM, TV Cidade e nosso canal no\u00a0<a class=\"external-link\" href=\"https://youtube.com/@cmatransmissao\" target=\"_blank\" title=\"\">Youtube</a>.</p>\r\n<p>\u00a0</p>", "author_name": "", "version": "1.0", "author_url": "https://www.adamantina.sp.leg.br/author/adm", "provider_name": "C\u00e2mara Municipal de Adamantina", "type": "rich"}