{"provider_url": "https://www.adamantina.sp.leg.br", "title": "Resumo 59\u00aa Sess\u00e3o Ordin\u00e1ria", "html": "<p style=\"text-align: justify; \">Ontem, 05, esta Casa realizou a 59\u00aa Sess\u00e3o Ordin\u00e1ria da 16\u00aa Legislatura.</p>\r\n<p style=\"text-align: justify; \">Estiveram na pauta os projetos abaixo. Foram aprovados por unanimidade em discuss\u00e3o \u00fanica.</p>\r\n<ul>\r\n<li style=\"text-align: justify; \"><strong>Projeto de Lei n\u00ba 047/15\u00a0</strong><span>\u2013 PM \u2013 que \u201cDisp\u00f5e sobre autoriza\u00e7\u00e3o para abertura de cr\u00e9dito adicional suplementar no valor de R$ 736.000,00 ao or\u00e7amento da Prefeitura do Munic\u00edpio, conv\u00eanio com o Governo Federal, para custear a pavimenta\u00e7\u00e3o asf\u00e1ltica e constru\u00e7\u00e3o de galerias de concretos em diversas ruas do Munic\u00edpio\u201d.</span></li>\r\n<li style=\"text-align: justify; \"><strong>Projeto de Lei n\u00ba 049/15</strong><span>\u00a0\u2013 PM \u2013 que \u201cDisp\u00f5e sobre autoriza\u00e7\u00e3o para abertura de cr\u00e9dito adicional especial ao or\u00e7amento da Prefeitura no valor de R$ 713.138,20, conv\u00eanio com o Governo Federal, para constru\u00e7\u00e3o de barrac\u00e3o de coleta seletiva de lixo na Usina de Reciclagem\u201d.</span></li>\r\n<li style=\"text-align: justify; \"><strong>Projeto de Lei n\u00ba 050/15</strong><span>\u00a0\u2013 Vereadores Diniz Par\u00fassolo Martins, Aguinaldo Pires Galv\u00e3o, Roberto Hon\u00f3rio de Oliveira e Rog\u00e9rio C\u00e9sar Sacoman \u2013 que \u201cDisp\u00f5e sobre a denomina\u00e7\u00e3o das estradas vicinais ADMs 308, 315, 318 e 335 e d\u00e1 outras provid\u00eancias\u201d</span></li>\r\n<li style=\"text-align: justify; \"><strong>Projeto de Lei n\u00ba 051/15\u00a0</strong><span>\u2013 PM \u2013 que \u201cDisp\u00f5e sobre a denomina\u00e7\u00e3o de Conjunto Habitacional e de logradouro p\u00fablico do Munic\u00edpio \u2018Conjunto Habitacional Naur Bellusci\u2019\u201d</span></li>\r\n<li style=\"text-align: justify; \"><strong>Projeto de Lei n\u00ba 053/15</strong><span>\u00a0\u2013 PM \u2013 que \u201cDisp\u00f5e sobre autoriza\u00e7\u00e3o para abertura de cr\u00e9dito adicional suplementar ao or\u00e7amento do Munic\u00edpio no valor de R$150.000,00 \u00e0 FAI, para pagamento de pessoal a ser contratado para presta\u00e7\u00e3o de atividades complementares no curso de Medicina\u201d.</span></li>\r\n<li style=\"text-align: justify; \"><strong>Projeto de Lei n\u00ba 054/15</strong><span>\u00a0\u2013 PM \u2013 que \u201cDisp\u00f5e sobre autoriza\u00e7\u00e3o para a Prefeitura repassar \u00e0 Irmandade da Santa Casa de Miseric\u00f3rdia, sob forma de contribui\u00e7\u00e3o de recursos financeiros do Fundo Municipal de Sa\u00fade no valor de R$ 14.200,00, para manuten\u00e7\u00e3o corretiva do Tom\u00f3grafo da Santa Casa\u201d.</span></li>\r\n</ul>\r\n<p style=\"text-align: justify; \"><span>O<strong> Projeto de Lei n\u00ba 048/15\u00a0</strong><span>\u2013 PM \u2013 que \u201cDisp\u00f5e sobre celebra\u00e7\u00e3o de Conv\u00eanio de Coopera\u00e7\u00e3o T\u00e9cnica Cient\u00edfica, Cultural e Financeira gratuita com a CESUMAR \u2013 Centro de Ensino Superior de Maring\u00e1\u201d, foi retirado para melhores estudos.</span></span></p>\r\n<p style=\"text-align: justify; \"><span>Foram \u00a0ainda apresentadas 27 indica\u00e7\u00f5es,\u00a0</span><span>apreciados e votados 24 requerimentos solicitando recursos financeiros para o munic\u00edpio e informa\u00e7\u00f5es ao Prefeito Municipal bem como foi\u00a0<span>apreciada e votada uma Mo\u00e7\u00e3o de Congratula\u00e7\u00f5es e Aplausos.</span></span></p>\r\n<p style=\"text-align: justify; \"><span>A Sess\u00e3o\u00a0</span><span>contou com a presen\u00e7a de todos os vereadores, imprensa falada e escrita e membros da comunidade adamantinense.</span></p>\r\n<p style=\"text-align: justify; \"><span><span>A pr\u00f3xima Sess\u00e3o Ordin\u00e1ria ser\u00e1 realizada dia 19 de outubro, com in\u00edcio as 20h, no Plen\u00e1rio Vereador Jos\u00e9 Ikeda, situado na Rua Osvaldo Cruz, 261 - t\u00e9rreo. Toda a comunidade \u00e9 convidada a acompanhar pessoalmente ou pela Radio J\u00f3ia AM.</span></span></p>", "author_name": "adt", "version": "1.0", "author_url": "https://www.adamantina.sp.leg.br/author/adt", "provider_name": "C\u00e2mara Municipal de Adamantina", "type": "rich"}