{"provider_url": "https://www.adamantina.sp.leg.br", "title": "Resumo 58\u00aa Sess\u00e3o Ordin\u00e1ria", "html": "<p style=\"text-align: justify; \">Ontem, 19, a C\u00e2mara Municipal de Adamantina realizou a 58\u00aa Sess\u00e3o Ordin\u00e1ria.\u00a0</p>\r\n<p style=\"text-align: justify; \">Foram apreciados e votados, conforme Circular 033/19, os Projetos como segue:</p>\r\n<p style=\"text-align: center; \"><b><span>EM SEGUNDA DISCUSS\u00c3O E REDA\u00c7\u00c3O FINAL</span></b></p>\r\n<p style=\"text-align: justify; \"><b>Projeto de Lei n\u00ba 038/19</b><span> \u2013 Vereadores Eder do Nascimento Ruete e H\u00e9lio Jos\u00e9 dos Santos \u2013 que \u201cDeclara de Utilidade P\u00fablica Municipal a Organiza\u00e7\u00e3o N\u00e3o Governamental Apelos e Patas de Adamantina \u2013 ONG/APA.\u201d</span></p>\r\n<p style=\"text-align: justify; \"><b><span>Projeto de Lei Complementar n\u00ba 013/19</span></b> \u2013 PM \u2013 que \u201cDisp\u00f5e sobre autoriza\u00e7\u00e3o para que o Chefe do Poder Executivo possa outorgar Concess\u00e3o de Uso Oneroso dos Im\u00f3veis que especifica e d\u00e1 outras provid\u00eancias.\u201d</p>\r\n<p style=\"text-align: justify; \">\u00a0</p>\r\n<p style=\"text-align: center; \"><b><span>EM DISCUSS\u00c3O \u00daNICA</span></b></p>\r\n<p style=\"text-align: justify; \"><b>Projeto de </b><b>Decreto Legislativo n\u00ba </b><b>008/19</b><span> \u2013 Vereadores Ac\u00e1cio Rocha Perez Guerrero, Maria de Lourdes Santos Gil e Alcio Roberto Ikeda J\u00fanior \u2013 que \u201cConcede ao Ilustr\u00edssimo Senhor Aristeu da Silva o t\u00edtulo de Cidad\u00e3o Adamantinense.\u201d</span></p>\r\n<p style=\"text-align: justify; \"><b><span>Projeto de Lei n\u00ba 045/19</span></b> \u2013 PM \u2013 que \u201cDisp\u00f5e sobre autoriza\u00e7\u00e3o para o Chefe do Executivo receber em doa\u00e7\u00e3o ve\u00edculo e equipamentos que especifica e d\u00e1 outras provid\u00eancias.\u201d (recebeu emenda)<b><span></span></b></p>\r\n<p style=\"text-align: justify; \"><span>\u00a0</span></p>\r\n<p style=\"text-align: center; \"><b><span>EM PRIMEIRA DISCUSS\u00c3O</span></b></p>\r\n<p style=\"text-align: justify; \"><b>Projeto de Lei n\u00ba 040/19</b><span> \u2013 Todos os Vereadores \u2013 que \u201cDisp\u00f5e sobre a incinera\u00e7\u00e3o de documentos relacionados \u00e0 receita e despesa da C\u00e2mara Municipal de Adamantina.\u201d</span></p>\r\n<p style=\"text-align: justify; \"><b><span>Projeto de Lei n\u00ba 042/19</span></b> \u2013 PM \u2013 que \u201cDisp\u00f5e sobre a desafeta\u00e7\u00e3o de im\u00f3vel urbano constante da Matr\u00edcula n\u00ba 26.733 do Oficial de Registro de Im\u00f3veis local e d\u00e1 outras provid\u00eancias.\u201d</p>\r\n<p style=\"text-align: justify; \"><b><span>Projeto de Lei n\u00ba 044/19</span></b> \u2013 PM - que \u201cDisp\u00f5e sobre a concess\u00e3o de diversos Programas Financeiros de Incentivo Acad\u00eamico pelo Centro Universit\u00e1rio de Adamantina \u2013 UNIFAI e d\u00e1 outras provid\u00eancias.\u201d (recebeu emendas)</p>\r\n<p style=\"text-align: justify; \"><b><span>Projeto de Lei n\u00ba 046/19</span></b> \u2013 Todos os Vereadores \u2013 que \u201cAltera a Lei n\u00ba 3.596, de 23 de dezembro de 2013, que disp\u00f5e sobre o Conselho Municipal da Pessoa Deficiente \u2013 CMPD e d\u00e1 outras provid\u00eancias.\u201d</p>\r\n<p style=\"text-align: justify; \"><b><span>Projeto de Lei Complementar n\u00ba 014/19</span></b> \u2013 Mesa da C\u00e2mara \u2013 que \u201cDisp\u00f5e sobre altera\u00e7\u00e3o do Anexo I da Lei n\u00ba 2.714/97; alterada pelas Leis Complementares n\u00bas 16/99; 37/01; 40/01; 48/03; 67/05; 95/07; 218/13; 240/15 e 262/16 e d\u00e1 outras provid\u00eancias.\u201d</p>\r\n<p style=\"text-align: justify; \"><b><span>Projeto de Lei Complementar n\u00ba 015/19</span></b> \u2013 Mesa da C\u00e2mara \u2013 \u201cDisp\u00f5e sobre a inclus\u00e3o de novas atribui\u00e7\u00f5es aos empregos p\u00fablicos de Tesoureiro e Digitador, alterando o anexo I da Lei Complementar n\u00ba 335/19.\u201d</p>\r\n<p style=\"text-align: justify; \"><b><span>Projeto de Lei Complementar n\u00ba 016/19</span></b> \u2013 PM \u2013 que \u201cDisp\u00f5e sobre autoriza\u00e7\u00e3o para que o Chefe do Poder Executivo possa outorgar Concess\u00e3o de Uso dos Im\u00f3veis que especifica e d\u00e1 outras provid\u00eancias.\u201d (recebeu emenda)</p>\r\n<p style=\"text-align: justify; \"><strong>TODOS OS PROJETOS FORAM APROVADOS POR UNANIMIDADE CONFORME AS RESPECTIVAS DISCUSS\u00d5ES.</strong></p>\r\n<p style=\"text-align: justify; \">Ainda, foram apresentados <strong>12\u00a0Requerimentos</strong>, em sua maioria solicitando recursos ao munic\u00edpio, e\u00a0\u00a0<strong>34 Indica\u00e7\u00f5es</strong> pedindo, em sua maioria, melhorias para a cidade.</p>\r\n<p style=\"text-align: justify; \">A reuni\u00e3o contou com a presen\u00e7a de todos os vereadores, representantes da imprensa escrita e falada, bem como membros da comunidade adamantinense.</p>\r\n<p style=\"text-align: justify; \"><em>A pr\u00f3xima Sess\u00e3o Ordin\u00e1ria, 59\u00aa, ser\u00e1 realizada dia 09 de setembro, \u00e0s 20h, no Plen\u00e1rio Vereador Jos\u00e9 Ikeda. Toda comunidade \u00e9 convidada a assistir pessoalmente, ao vivo pelo <a class=\"external-link\" href=\"https://www.facebook.com/CamaraAdamantina/\" target=\"_self\" title=\"\">Facebook</a>, ou pelas R\u00e1dios LIFE FM e Brasil FM.</em></p>", "author_name": "adt", "version": "1.0", "author_url": "https://www.adamantina.sp.leg.br/author/adt", "provider_name": "C\u00e2mara Municipal de Adamantina", "type": "rich"}