{"provider_url": "https://www.adamantina.sp.leg.br", "title": "Resumo 58\u00aa Sess\u00e3o Extraordin\u00e1ria", "html": "<p>Hoje, 19, a C\u00e2mara Municipal de Adamantina realizou a 58\u00aa Sess\u00e3o Extraordin\u00e1ria desta Legislatura.</p>\r\n<p>Conforme <a class=\"external-link\" href=\"https://sapl.adamantina.sp.leg.br/media/sapl/public/materialegislativa/2024/16200/circular_065_-_58a_extraordinaria.pdf\" target=\"_blank\" title=\"\">Circular n\u00ba 065/2024</a> foi aprovado, em<b>\u00a0DISCUSS\u00c3O \u00daNICA</b>, o\u00a0\u00a0<a class=\"external-link\" href=\"https://sapl.adamantina.sp.leg.br/media/sapl/public/materialegislativa/2024/16200/circular_065_-_58a_extraordinaria.pdf\" target=\"_blank\" title=\"\"><b>Projeto de Lei n\u00ba 108/2024</b></a><span>,</span><span>\u00a0de autoria do Poder Executivo, que \u201cDisp\u00f5e sobre autoriza\u00e7\u00e3o para </span><i>abertura de cr\u00e9dito adicional suplementar </i><span>ao Or\u00e7amento da Prefeitura do Munic\u00edpio de Adamantina no valor total de R$ 2.000.000,00 e d\u00e1 outras provid\u00eancias.\u201d</span></p>\r\n<p><span>O referido projeto foi aprovado com votos contr\u00e1rios dos Vereadores Ant\u00f4nio Le\u00f4ncio da Silva e Rafael Rodrigues Pacheco.</span></p>\r\n<p>A reuni\u00e3o contou com a presen\u00e7a de todos os vereadores.</p>\r\n<p>Assista na \u00edntegra a sess\u00e3o em nossa p\u00e1gina no\u00a0<a class=\"external-link\" href=\"https://www.facebook.com/CamaraAdamantina/videos/808596794702250/\" target=\"_blank\" title=\"\">Facebook</a>.</p>\r\n<p>Toda comunidade \u00e9 convidada a acompanhar as sess\u00f5es ao vivo pelo\u00a0<a class=\"external-link\" href=\"https://www.facebook.com/CamaraAdamantina\" target=\"_blank\" title=\"\">facebook</a>,\u00a0bem como pela\u00a0R\u00e1dio Cultura, TV Folha Regional e nosso canal no\u00a0<a class=\"external-link\" href=\"https://www.youtube.com/@cmatransmissao\" target=\"_blank\" title=\"\">Youtube</a>.</p>", "author_name": "", "version": "1.0", "author_url": "https://www.adamantina.sp.leg.br/author/adm", "provider_name": "C\u00e2mara Municipal de Adamantina", "type": "rich"}