{"provider_url": "https://www.adamantina.sp.leg.br", "title": "Resumo 57\u00aa Sess\u00e3o Ordin\u00e1ria", "html": "<p style=\"text-align: justify; \">No dia 04 de setembro, a C\u00e2mara Municipal de Adamantina realizou a 57\u00aa Sess\u00e3o Ordin\u00e1ria desta Legislatura.</p>\r\n<p style=\"text-align: justify; \">Conforme <a class=\"external-link\" href=\"https://sapl.adamantina.sp.leg.br/media/sapl/public/materialegislativa/2023/15145/circualr_41.pdf\" target=\"_blank\" title=\"\">Circular n\u00ba 041/2023</a>, foi apreciado e votado,\u00a0<b>EM PRIMEIRA DISCUSS\u00c3O</b>, o\u00a0<a class=\"external-link\" href=\"https://sapl.adamantina.sp.leg.br/media/sapl/public/materialegislativa/2023/15096/56_projeto_de_lei_068_m_089_-_dispoe_o_conselho_municipal_de_promocao_e_igualdade_racial.pdf\" target=\"_blank\" title=\"\"><b>Projeto de Lei n\u00ba 06</b><b>8/2023</b></a>, de autoria do Poder Executivo,\u00a0<span>que \u201cDisp\u00f5e sobre a cria\u00e7\u00e3o do Conselho Municipal da Promo\u00e7\u00e3o da Igualdade Racial e d\u00e1 outras provid\u00eancias.\u201d O projeto foi aprovado por unanimidade.</span></p>\r\n<p style=\"text-align: justify; \">Ainda, foram aprovados <strong>9 Requerimentos</strong>, <strong>20\u00a0Indica\u00e7\u00f5es</strong> e\u00a0<strong>1 Mo\u00e7\u00e3o de Congratula\u00e7\u00f5es e Aplausos</strong>.</p>\r\n<p>A reuni\u00e3o contou com a presen\u00e7a de todos os vereadores.</p>\r\n<p>Assista na \u00edntegra a sess\u00e3o em nossa p\u00e1gina no\u00a0<a class=\"external-link\" href=\"https://www.youtube.com/watch?v=HDAEgiPGK_w\" target=\"_blank\" title=\"\">YouTube</a>.</p>\r\n<p>A\u00a0<em>58\u00aa Sess\u00e3o Ordin\u00e1ria</em>\u00a0realizar-se-\u00e1 no dia 18 de setembro de 2023.</p>\r\n<p>Toda comunidade \u00e9 convidada a acompanhar as sess\u00f5es ao vivo pelo\u00a0<a class=\"external-link\" href=\"https://www.facebook.com/CamaraAdamantina\" target=\"_blank\" title=\"\">facebook</a>,\u00a0bem como pela\u00a0R\u00e1dio Cultura 99,3 FM, TV Cidade e nosso canal no\u00a0<a class=\"external-link\" href=\"https://youtube.com/@cmatransmissao\" target=\"_blank\" title=\"\">Youtube</a>.</p>", "author_name": "", "version": "1.0", "author_url": "https://www.adamantina.sp.leg.br/author/adm", "provider_name": "C\u00e2mara Municipal de Adamantina", "type": "rich"}