{"provider_url": "https://www.adamantina.sp.leg.br", "title": "Resumo 57\u00aa Sess\u00e3o Ordin\u00e1ria", "html": "<p style=\"text-align: justify; \">Ontem, (05), esta C\u00e2mara Municipal realizou a 57\u00aa Sess\u00e3o Ordin\u00e1ria.</p>\r\n<p style=\"text-align: justify; \">Foram apresentados\u00a0<strong>29 Requerimentos</strong>, em sua maioria solicitando recursos financeiros ao munic\u00edpio;\u00a0<strong>45 Indica\u00e7\u00f5es</strong>, maior parte pedindo melhorias para a cidade, e\u00a0<strong>2 Mo\u00e7\u00f5es de Congratula\u00e7\u00f5es e Aplausos</strong>.</p>\r\n<p style=\"text-align: justify; \">Ainda, foram apreciados e votados, conforme Circular 030/19, os projetos como segue:</p>\r\n<p style=\"text-align: justify; \"><b><span>EM SEGUNDA DISCUSS\u00c3O E REDA\u00c7\u00c3O FINAL</span></b></p>\r\n<p style=\"text-align: justify; \"><b>Projeto de Lei n\u00ba 033/19</b><span> \u2013 PM \u2013 que \u201cDisp\u00f5e sobre autoriza\u00e7\u00e3o para que o Chefe do Poder Executivo possa doar implemento ao 2\u00ba Pelot\u00e3o de Bombeiros de Adamantina e d\u00e1 outras provid\u00eancias.\u201d</span></p>\r\n<p style=\"text-align: justify; \"><b><span>Projeto de Lei n\u00ba 034/19</span></b> \u2013 PM \u2013 que \u201cDisp\u00f5e sobre a altera\u00e7\u00e3o do artigo 4\u00ba da Lei n\u00ba 3.265, de 30 de novembro de 2007.\u201d</p>\r\n<p style=\"text-align: justify; \">\u00a0</p>\r\n<p style=\"text-align: justify; \"><b><span>EM DISCUSS\u00c3O \u00daNICA</span></b></p>\r\n<p style=\"text-align: justify; \"><b>Projeto de Lei n\u00ba 0</b><b>39/19</b><span> \u2013 PM \u2013 que \u201cAutoriza o Poder Executivo Municipal a celebrar Conv\u00eanio de Coopera\u00e7\u00e3o T\u00e9cnica e Financeira com a Comunidade Fronteiri\u00e7a Trinacional Rio Lempa (Mancomunidad Trinacional Fronteriza Rio Lempa) e d\u00e1 outras provid\u00eancias.\u201d</span></p>\r\n<p style=\"text-align: justify; \">\u00a0</p>\r\n<p style=\"text-align: justify; \"><b><span>EM PRIMEIRA DISCUSS\u00c3O</span></b></p>\r\n<p style=\"text-align: justify; \"><b>Projeto de Lei n\u00ba 038/19</b><span> \u2013 Vereadores Eder do Nascimento Ruete e H\u00e9lio Jos\u00e9 dos Santos \u2013 que \u201cDeclara de Utilidade P\u00fablica Municipal a Organiza\u00e7\u00e3o N\u00e3o Governamental Apelos e Patas de Adamantina \u2013 ONG/APA.\u201d</span></p>\r\n<p style=\"text-align: justify; \"><b><span>Projeto de Lei Complementar n\u00ba 013/19</span></b> \u2013 PM \u2013 que \u201cDisp\u00f5e sobre autoriza\u00e7\u00e3o para que o Chefe do Poder Executivo possa outorgar Concess\u00e3o de Uso Oneroso dos Im\u00f3veis que especifica e d\u00e1 outras provid\u00eancias.\u201d</p>\r\n<p style=\"text-align: justify; \">\u00a0</p>\r\n<p style=\"text-align: justify; \">TODOS OS PROJETOS FORAM APROVADOS POR UNANIMIDADE CONFORME AS RESPECTIVAS DISCUSS\u00d5ES</p>\r\n<p style=\"text-align: justify; \">\u00a0</p>\r\n<p style=\"text-align: justify; \">A reuni\u00e3o contou com a presen\u00e7a de todos os Vereadores, representantes da imprensa escrita e falada e membros da comunidade adamantinense.</p>\r\n<p style=\"text-align: justify; \">A pr\u00f3xima Sess\u00e3o Ordin\u00e1ria (58\u00aa) acontecer\u00e1 dia 19 de agosto no Plen\u00e1rio Vereador Jos\u00e9 Ikeda. Toda comunidade \u00e9 convidada a participar pessoalmente, acompanhar pelas R\u00e1dios LIFE FM, Brasil FM, ou ao vivo pelo <a class=\"external-link\" href=\"http://www.facebook.com/CamaraAdamantina/\" target=\"_self\" title=\"\">Facebook</a>.</p>", "author_name": "adt", "version": "1.0", "author_url": "https://www.adamantina.sp.leg.br/author/adt", "provider_name": "C\u00e2mara Municipal de Adamantina", "type": "rich"}