{"provider_url": "https://www.adamantina.sp.leg.br", "title": "Resumo 56\u00aa Sess\u00e3o Ordin\u00e1ria", "html": "<p style=\"text-align: justify; \">Ontem, 15, esta Casa de Leis realizou a 56\u00aa Sess\u00e3o Ordin\u00e1ria.</p>\r\n<p style=\"text-align: justify; \">Conforme Circular 028/19 foram apresentados e votados os projetos como segue:</p>\r\n<p style=\"text-align: center; \"><b><span><br /></span></b></p>\r\n<p style=\"text-align: center; \"><b><span>********** EM SEGUNDA DISCUSS\u00c3O E REDA\u00c7\u00c3O FINAL **********</span></b></p>\r\n<p style=\"text-align: justify; \"><b>Projeto de Lei n\u00ba 031/19</b><span> \u2013 PM \u2013 que \u201cDisp\u00f5e sobre a Diretrizes Or\u00e7ament\u00e1rias para Elabora\u00e7\u00e3o e Execu\u00e7\u00e3o da Lei Or\u00e7ament\u00e1ria para o exerc\u00edcio financeiro de 2020 e d\u00e1 outras provid\u00eancias.\u201d</span></p>\r\n<p style=\"text-align: center; \"><b><span><br /></span></b></p>\r\n<p style=\"text-align: center; \"><b><span>********** EM DISCUSS\u00c3O \u00daNICA **********</span></b></p>\r\n<p style=\"text-align: justify; \"><b>Projeto de Lei n\u00ba 035/19</b><span> \u2013 PM \u2013 que \u201cDisp\u00f5e sobre a altera\u00e7\u00e3o do artigo 9\u00ba da Lei n\u00ba 3.787, de 19 de outubro de 2017.\u201d</span></p>\r\n<p style=\"text-align: justify; \"><b><span>Projeto de Lei n\u00ba 037/19</span></b> \u2013 PM \u2013 que \u201cAutoriza o Poder Executivo Municipal a celebrar Conv\u00eanio de Coopera\u00e7\u00e3o com o Centro de Progress\u00e3o Penitenci\u00e1ria de Pacaembu, visando a presta\u00e7\u00e3o de servi\u00e7os volunt\u00e1rios por presos e d\u00e1 outras provid\u00eancias.\u201d</p>\r\n<p style=\"text-align: center; \"><b><br /></b></p>\r\n<p style=\"text-align: center; \"><b>********** EM PRIMEIRA DISCUSS\u00c3O **********</b></p>\r\n<p style=\"text-align: justify; \"><b>Projeto de Lei n\u00ba 033/19</b><span> \u2013 PM \u2013 que \u201cDisp\u00f5e sobre autoriza\u00e7\u00e3o para que o Chefe do Poder Executivo possa doar implemento ao 2\u00ba Pelot\u00e3o de Bombeiros de Adamantina e d\u00e1 outras provid\u00eancias.\u201d</span></p>\r\n<p style=\"text-align: justify; \"><b><span>Projeto de Lei n\u00ba 034/19</span></b> \u2013 PM \u2013 que \u201cDisp\u00f5e sobre a altera\u00e7\u00e3o do artigo 4\u00ba da Lei n\u00ba 3.265, de 30 de novembro de 2007.\u201d</p>\r\n<p style=\"text-align: justify; \">\u00a0</p>\r\n<p style=\"text-align: justify; \">TODOS OS PROJETOS FORAM APROVADOS POR UNANIMIDADE CONFORME AS RESPECTIVAS DISCUSS\u00d5ES.\u00a0</p>\r\n<p style=\"text-align: justify; \">Ainda, foram apreciados\u00a0<strong>18 Requerimentos</strong>,\u00a0<strong>27 Indicaca\u00e7\u00f5es</strong> e\u00a0<strong>2 Mo\u00e7\u00f5es de Congratula\u00e7\u00f5es e Aplausos</strong>.</p>\r\n<p style=\"text-align: justify; \">Estiveram presentes na reuni\u00e3o, todos os vereadores, representantes da imprensa escrita e falada e membros da comunidade adamantinense.</p>\r\n<p style=\"text-align: justify; \">A pr\u00f3xima Sess\u00e3o Ordin\u00e1ria, 57\u00aa, ser\u00e1 realizada dia 05 de Agosto de 2019.\u00a0<span>Toda comunidade \u00e9 convidada a acompanhar pelas R\u00e1dios LIFE FM e Joia FM, ao vivo pelo\u00a0</span><a class=\"external-link\" href=\"https://www.facebook.com/CamaraAdamantina/\" target=\"_self\" title=\"\">Facebook</a><span>, ou pessoalmente no Plen\u00e1rio Vereador Jos\u00e9 Ikeda.</span></p>\r\n<p style=\"text-align: justify; \">Esta C\u00e2mara Municipal entrar\u00e1 em recesso parlamentar dia 18 de julho e retornar\u00e1 em 1\u00ba de agosto.</p>", "author_name": "adt", "version": "1.0", "author_url": "https://www.adamantina.sp.leg.br/author/adt", "provider_name": "C\u00e2mara Municipal de Adamantina", "type": "rich"}