{"provider_url": "https://www.adamantina.sp.leg.br", "title": "Resumo 56\u00aa Sess\u00e3o Extraordin\u00e1ria", "html": "<p style=\"text-align: justify; \">Na \u00faltima segunda-feira, a C\u00e2mara Municipal de Adamantina realizou a 56\u00aa Sess\u00e3o Extraordin\u00e1ria.</p>\r\n<p style=\"text-align: justify; \">Conforme <a class=\"external-link\" href=\"https://sapl.adamantina.sp.leg.br/media/sapl/public/materialegislativa/2024/16164/56a_extra_circular.pdf\" target=\"_blank\" title=\"\">Circular n\u00ba 059/2024</a> foram apreciados e votados,\u00a0<b>EM DISCUSS\u00c3O \u00daNICA</b> os projetos abaixo:</p>\r\n<p style=\"text-align: justify; \">\u00a0</p>\r\n<p style=\"text-align: justify; \"><b><span><a class=\"external-link\" href=\"https://sapl.adamantina.sp.leg.br/media/sapl/public/materialegislativa/2024/16143/84a_projeto_de_lei_101_m_095_-denomina_espaco_gastronomico_do_pq_dos_pioneiros_-_joao_vitor_marega.pdf\" target=\"_blank\" title=\"\">Projeto de Lei n\u00ba 101/2024</a></span></b> \u2013 PM \u2013 que \u201cDisp\u00f5e sobre a denomina\u00e7\u00e3o do espa\u00e7o Gastron\u00f4mico \u201cJo\u00e3o Vitor Marega.\u201d</p>\r\n<p style=\"text-align: justify; \"><b><span><a class=\"external-link\" href=\"https://sapl.adamantina.sp.leg.br/media/sapl/public/materialegislativa/2024/16144/84a_projeto_de_lei_102_m_096_-_abertura_de_credito_sup_r_r_67.38088__-_saude_teto_mac_estadual.pdf\" target=\"_blank\" title=\"\">Projeto de Lei n\u00ba 102/2024</a></span></b> \u2013 PM \u2013 que \u201cDisp\u00f5e sobre autoriza\u00e7\u00e3o para <i>abertura de cr\u00e9dito adicional suplementar </i>ao Or\u00e7amento da Prefeitura do Munic\u00edpio de Adamantina no valor total de R$ 67.380,88 e d\u00e1 outras provid\u00eancias.\u201d</p>\r\n<p style=\"text-align: justify; \"><b><span><a class=\"external-link\" href=\"https://sapl.adamantina.sp.leg.br/media/sapl/public/materialegislativa/2024/16145/84a_projeto_de_lei_103_m_097__-_repasse_sta_casa_pai_nosso_lar__e_apae_-_sus_paulista_r_1.200.00000.pdf\" target=\"_blank\" title=\"\">Projeto de Lei n\u00ba 103/2024</a></span></b> \u2013 PM \u2013 que \u201cDisp\u00f5e sobre autoriza\u00e7\u00e3o para a Prefeitura do Munic\u00edpio de Adamantina abrir cr\u00e9dito adicional suplementar e repassar \u00e0 Associa\u00e7\u00e3o Lar S\u00e3o Francisco de Assis na Provid\u00eancia de Deus \u2013 Santa Casa de Adamantina, Associa\u00e7\u00e3o de Repouso Nosso Lar de Adamantina e APAE \u2013 Associa\u00e7\u00e3o de Pais Amigo do Excepcional, recursos Tabela SUS Paulista e d\u00e1 outras provid\u00eancias.\u201d</p>\r\n<p style=\"text-align: justify; \"><b><span><a class=\"external-link\" href=\"https://sapl.adamantina.sp.leg.br/media/sapl/public/materialegislativa/2024/16146/84a_projeto_de_lei_104_m_098_-_abertura_de_credito_r_suplementar_r_800.00000_-_pasep_e_depre.pdf\" target=\"_blank\" title=\"\">Projeto de Lei n\u00ba 104/2024</a></span></b> \u2013 PM \u2013 que \u201cDisp\u00f5e sobre autoriza\u00e7\u00e3o para <i>abertura de cr\u00e9dito adicional suplementar </i>ao Or\u00e7amento da Prefeitura do Munic\u00edpio de Adamantina no valor total de R$ 800.000,00 e d\u00e1 outras provid\u00eancias.\u201d</p>\r\n<p style=\"text-align: justify; \"><b><span><a class=\"external-link\" href=\"https://sapl.adamantina.sp.leg.br/media/sapl/public/materialegislativa/2024/16147/84a_projeto_de_lei_105_m_099_-_abertura_de_credito_especial_r_498.25500_-_campo_de_futebol_itamarati.pdf\" target=\"_blank\" title=\"\">Projeto de Lei n\u00ba 105/2024</a></span></b> \u2013 PM \u2013 que \u201cDisp\u00f5e sobre autoriza\u00e7\u00e3o para <i>abertura de cr\u00e9dito especial </i>ao Or\u00e7amento da Prefeitura do Munic\u00edpio de Adamantina no valor total de R$ 498.255,00 e d\u00e1 outras provid\u00eancias.\u201d</p>\r\n<p>TODOS OS PROJETOS FORAM APROVADOS.</p>\r\n<p>A reuni\u00e3o contou com a presen\u00e7a de todos os vereadores.</p>\r\n<p>Assista na \u00edntegra a sess\u00e3o em nossa p\u00e1gina no\u00a0<a class=\"external-link\" href=\"https://www.facebook.com/CamaraAdamantina/videos/542779575387818\" target=\"_blank\" title=\"\">Facebook</a>.</p>\r\n<p>Toda comunidade \u00e9 convidada a acompanhar as sess\u00f5es ao vivo pelo\u00a0<a class=\"external-link\" href=\"https://www.facebook.com/CamaraAdamantina\" target=\"_blank\" title=\"\">facebook</a>,\u00a0bem como pela\u00a0R\u00e1dio Cultura, 99,3 FM, e nosso canal no\u00a0<a class=\"external-link\" href=\"https://www.youtube.com/@cmatransmissao\" target=\"_blank\" title=\"\">Youtube</a>.</p>", "author_name": "", "version": "1.0", "author_url": "https://www.adamantina.sp.leg.br/author/adm", "provider_name": "C\u00e2mara Municipal de Adamantina", "type": "rich"}