{"provider_url": "https://www.adamantina.sp.leg.br", "title": "Resumo 55\u00aa Sess\u00e3o Ordin\u00e1ria", "html": "<p style=\"text-align: justify; \">Ontem, 1\u00ba de julho, esta C\u00e2mara de Vereadores realizou a 55\u00aa Sess\u00e3o Ordin\u00e1ria.</p>\r\n<p style=\"text-align: justify; \">Foram apresentadas\u00a0<strong>23 Indica\u00e7\u00f5es</strong> e\u00a0<strong>23 Requerimentos</strong>, em sua maioria solicitando melhorias e recursos financeiros ao munic\u00edpio.</p>\r\n<p style=\"text-align: justify; \">Ainda, foram apreciados e votados os projetos conforme Circular 026/19:</p>\r\n<p style=\"text-align: center; \"><span><b>EM SEGUNDA DISCUSS\u00c3O E REDA\u00c7\u00c3O FINAL</b></span></p>\r\n<p style=\"text-align: justify; \"><b>* Projeto de Lei Complementar n\u00ba 012/19</b><span> \u2013 Mesa da C\u00e2mara \u2013 que \u201cDisp\u00f5e sobre as atribui\u00e7\u00f5es das fun\u00e7\u00f5es dos empregos da C\u00e2mara Municipal de Adamantina\u201d</span></p>\r\n<p style=\"text-align: justify; \"><b><span>* Projeto de Emenda \u00e0 LOMA n\u00ba 001/19</span></b> \u2013 Vereadores Alcio Roberto Ikeda J\u00fanior, Ac\u00e1cio Rocha Perez Guerrero, Aguinaldo Pires Galv\u00e3o, Eder do Nascimento Ruete, Jo\u00e3o Davoli e Paulo C\u00e9sar Cervelheira de Oliveira \u2013 que \u201cAltera a reda\u00e7\u00e3o do caput e dos par\u00e1grafos 1\u00ba e 6\u00ba do artigo 22 da Lei Org\u00e2nica do Munic\u00edpio de Adamantina\u201d</p>\r\n<p style=\"text-align: justify; \">\u00a0</p>\r\n<p style=\"text-align: center; \"><span><b>EM PRIMEIRA DISCUSS\u00c3O</b></span></p>\r\n<p style=\"text-align: justify; \"><span><b></b></span><b style=\"text-align: justify; \">* Projeto de Lei n\u00ba 031/19</b><span style=\"text-align: justify; \"> \u2013 PM \u2013 que \u201cDisp\u00f5e sobre a Diretrizes Or\u00e7amant\u00e1rias para Elabora\u00e7\u00e3o e Execu\u00e7\u00e3o da Lei Or\u00e7ament\u00e1ria para o exerc\u00edcio financeiro de 2020 e d\u00e1 outras provid\u00eancias.\u201d</span></p>\r\n<p style=\"text-align: justify; \"><span style=\"text-align: justify; \"><br /></span></p>\r\n<p style=\"text-align: justify; \">TODOS OS PROJETOS FORAM APROVADOS POR UNANIMIDADE CONFORME AS RESPECTIVAS DISCUSS\u00d5ES.</p>\r\n<p style=\"text-align: justify; \">A reuni\u00e3o contou com a presen\u00e7a de todos os vereadores, representantes da imprensa escrita e falada e membros da comunidade adamantinense.</p>\r\n<p style=\"text-align: justify; \">A pr\u00f3xima Sess\u00e3o Ordin\u00e1ria acontecer\u00e1 dia 15 de julho. Toda comunidade \u00e9 convidada a acompanhar pelas R\u00e1dios LIFE FM e Joia FM, ao vivo pelo <a class=\"external-link\" href=\"https://www.facebook.com/CamaraAdamantina/\" target=\"_self\" title=\"\">Facebook</a>, ou pessoalmente no Plen\u00e1rio Vereador Jos\u00e9 Ikeda.</p>", "author_name": "adt", "version": "1.0", "author_url": "https://www.adamantina.sp.leg.br/author/adt", "provider_name": "C\u00e2mara Municipal de Adamantina", "type": "rich"}