{"provider_url": "https://www.adamantina.sp.leg.br", "title": "Resumo 54\u00aa Sess\u00e3o Ordin\u00e1ria", "html": "<p style=\"text-align: justify; \">Ontem, 17, esta Casa de Leis realizou a 54\u00aa Sess\u00e3o Ordin\u00e1ria desta Legislatura.</p>\r\n<p style=\"text-align: justify; \">Conforme <a class=\"external-link\" href=\"https://sapl.adamantina.sp.leg.br/media/sapl/public/materialegislativa/2023/15002/circular_033_-_54a_ordinaria.pdf\" target=\"_blank\" title=\"\">Circular n\u00ba 033/2023</a> foram apreciados e votados os projetos como segue:</p>\r\n<p style=\"text-align: center; \"><b><span><br /></span></b></p>\r\n<p style=\"text-align: center; \"><b><span>EM DISCUSS\u00c3O \u00daNICA</span></b></p>\r\n<p style=\"text-align: justify; \"><b><a class=\"external-link\" href=\"https://sapl.adamantina.sp.leg.br/media/sapl/public/materialegislativa/2023/14960/53a_projeto_de_lei_052_m_070_-_abertura_de_credito_r_113.00000_-_pranchas_para_pontes.pdf\" target=\"_blank\" title=\"\">Projeto de Lei n\u00ba 052/2023</a></b><span> \u2013 PM \u2013 que \u201cDisp\u00f5e sobre autoriza\u00e7\u00e3o para abertura de cr\u00e9dito adicional suplementar</span><i> </i><span>ao Or\u00e7amento da Prefeitura do Munic\u00edpio de Adamantina no valor total de R$ 113.000,00 para aquisi\u00e7\u00e3o de placas para as pontes do munic\u00edpio e d\u00e1 outras provid\u00eancias.\u201d</span></p>\r\n<p style=\"text-align: justify; \"><b><span><a class=\"external-link\" href=\"https://sapl.adamantina.sp.leg.br/media/sapl/public/materialegislativa/2023/14961/53a_projeto_de_lei_053_m_071_-_abertura_de_credito_r_267.88407_-_calcadas_acessiveis.pdf\" target=\"_blank\" title=\"\">Projeto de Lei n\u00ba 053/23</a></span></b> \u2013 PM \u2013 que \u201cDisp\u00f5e sobre autoriza\u00e7\u00e3o para <i>abertura de cr\u00e9dito adicional suplementar </i>ao Or\u00e7amento da Prefeitura do Munic\u00edpio de Adamantina no valor total de R$ 267.884,07, para execu\u00e7\u00e3o de m\u00e3o-de-obra programa cal\u00e7adas acess\u00edveis e d\u00e1 outras provid\u00eancias.\u201d</p>\r\n<p style=\"text-align: justify; \"><b><span><a class=\"external-link\" href=\"https://sapl.adamantina.sp.leg.br/media/sapl/public/materialegislativa/2023/14962/53a_projeto_de_lei_054_m_072_-_abertura_de_credito_r_220.00000-_materiais_grama_sintetica.pdf\" target=\"_blank\" title=\"\">Projeto de Lei n\u00ba 054/23</a></span></b> \u2013 PM \u2013 que \u201cDisp\u00f5e sobre autoriza\u00e7\u00e3o para <i>abertura de cr\u00e9dito adicional suplementar </i>ao Or\u00e7amento da Prefeitura do Munic\u00edpio de Adamantina no valor total de R$ 191.000,00, para instala\u00e7\u00e3o de grama sint\u00e9tica nos campos do Parque dos Pioneiros e d\u00e1 outras provid\u00eancias.\u201d</p>\r\n<p style=\"text-align: justify; \"><b><span><a class=\"external-link\" href=\"https://sapl.adamantina.sp.leg.br/media/sapl/public/materialegislativa/2023/14963/53a_projeto_de_lei_055_m_073_-_abertura_de_credito_r_r_280.00000_-_merenda.pdf\" target=\"_blank\" title=\"\">Projeto de Lei n\u00ba 055/23</a></span></b> \u2013 PM \u2013 que \u201cDisp\u00f5e sobre autoriza\u00e7\u00e3o para <i>abertura de cr\u00e9dito adicional suplementar </i>ao Or\u00e7amento da Prefeitura do Munic\u00edpio de Adamantina no valor total de R$ 280.000,00, para atualizar as dota\u00e7\u00f5es or\u00e7amant\u00e1rias da merenda escolar e d\u00e1 outras provid\u00eancias.\u201d</p>\r\n<p style=\"text-align: justify; \"><b><span><a class=\"external-link\" href=\"https://sapl.adamantina.sp.leg.br/media/sapl/public/materialegislativa/2023/14964/53a_projeto_de_lei_056_m_074_-_autoriza_repassar_para_sta_casa_r_56.89206_mac_proc._cirururgico_res._ss_-_179.pdf\" target=\"_blank\" title=\"\">Projeto de Lei n\u00ba 056/23</a></span></b> \u2013 PM \u2013 que \u201cDisp\u00f5e sobre autoriza\u00e7\u00e3o para a Prefeitura do Munic\u00edpio de Adamantina abrir cr\u00e9dito adicional suplementar e repassar \u00e0 Associa\u00e7\u00e3o Lar S\u00e3o Francisco de Assis na Provid\u00eancia de Deus \u2013 Santa Casa de Adamantina, aux\u00edlio financeiro e emergencial para amplia\u00e7\u00e3o de procedimentos cir\u00fargicos eletivos de m\u00e9dia e alta complexidade e d\u00e1 outras provid\u00eancias.\u201d</p>\r\n<p style=\"text-align: justify; \"><b><span><a class=\"external-link\" href=\"https://sapl.adamantina.sp.leg.br/media/sapl/public/materialegislativa/2023/14965/53a_projeto_de_lei_057_m_075_-_abertura_de_credito_r_62.10000_-_irrigacao_gramado_do_estadio.pdf\" target=\"_blank\" title=\"\">Projeto de Lei n\u00ba 057/23</a></span></b> \u2013 PM \u2013 que \u201cDisp\u00f5e sobre autoriza\u00e7\u00e3o para <i>abertura de cr\u00e9dito adicional suplementar </i>ao Or\u00e7amento da Prefeitura do Munic\u00edpio de Adamantina no valor total de R$ 62.100,00, para instala\u00e7\u00e3o de sistema digital de irriga\u00e7\u00e3o do gramado do Est\u00e1dio Municipal e d\u00e1 outras provid\u00eancias.\u201d</p>\r\n<p style=\"text-align: justify; \"><b><span><a class=\"external-link\" href=\"https://sapl.adamantina.sp.leg.br/media/sapl/public/materialegislativa/2023/14966/53a_projeto_de_lei_058_m_077_-_abertura_de_credito_-_r_r_139.91401-_assit__social_-_serv._acolhimento_a_mulher.pdf\" target=\"_blank\" title=\"\">Projeto de Lei n\u00ba 058/23</a></span></b> \u2013 PM \u2013 que \u201cDisp\u00f5e sobre autoriza\u00e7\u00e3o para <i>abertura de cr\u00e9dito adicional especial </i>ao Or\u00e7amento da Prefeitura do Munic\u00edpio de Adamantina no valor total de R$ 139.914,01, para implanta\u00e7\u00e3o do acolhimento institucional para mulheres em situa\u00e7\u00e3o de viol\u00eancia e d\u00e1 outras provid\u00eancias.\u201d</p>\r\n<p style=\"text-align: justify; \"><b><span><a class=\"external-link\" href=\"https://sapl.adamantina.sp.leg.br/media/sapl/public/materialegislativa/2023/14967/53a_projeto_de_lei_complementar_028_m_076_-_revoga_lc_340_-_reversao_de_lote_valentin_gatti_-dias_neto_representacoes_ltda.pdf\" target=\"_blank\" title=\"\">Projeto de Lei Complementar n\u00ba 028/23</a></span></b> \u2013 PM \u2013 que \u201cDisp\u00f5e sobre a revoga\u00e7\u00e3o da Lei Complementar n.\u00ba 340, de 18 de setembro de 2019, que disp\u00f5e sobre autoriza\u00e7\u00e3o para que o Chefe do Poder Executivo possa outorgar Concess\u00e3o de Direito Real de Uso de Im\u00f3vel \u00e0 DIAS NETO REPRESENTA\u00c7\u00d5ES LTDA.\u201d</p>\r\n<p style=\"text-align: justify; \">\u00a0</p>\r\n<p style=\"text-align: center; \"><b><span>EM SEGUNDA DISCUSS\u00c3O E REDA\u00c7\u00c3O FINAL</span></b></p>\r\n<p style=\"text-align: justify; \"><a class=\"external-link\" href=\"https://sapl.adamantina.sp.leg.br/media/sapl/public/materialegislativa/2023/14849/51a_projeto_de_lei_038_m_056_-_diretrizes_orcamentarias_-_ldo_2024.pdf\" target=\"_blank\" title=\"\"><b>Projeto de Lei</b><b> n\u00ba </b><b>038/2023</b></a><span> \u2013 PM \u2013 que \u201c</span><em>Disp\u00f5e sobre as Diretrizes Or\u00e7ament\u00e1rias para Elabora\u00e7\u00e3o e Execu\u00e7\u00e3o da Lei Or\u00e7ament\u00e1ria para o </em><em>e</em><em>xerc\u00edcio </em><em>f</em><em>inanceiro de 2024 e d\u00e1 outras provid\u00eancias</em><span>.\u201d O referido projeto recebeu emendas.</span></p>\r\n<p style=\"text-align: justify; \"><span><br /></span></p>\r\n<p style=\"text-align: justify; \">Todos projetos foram aprovados por unanimidade, com exce\u00e7\u00e3o do <strong><a class=\"external-link\" href=\"https://sapl.adamantina.sp.leg.br/media/sapl/public/materialegislativa/2023/14966/53a_projeto_de_lei_058_m_077_-_abertura_de_credito_-_r_r_139.91401-_assit__social_-_serv._acolhimento_a_mulher.pdf\" target=\"_blank\" title=\"\">Projeto de Lei n\u00ba 058/2023</a></strong> que foi retirado pelo autor para melhores estudos.</p>\r\n<p style=\"text-align: justify; \">\u00a0</p>\r\n<p style=\"text-align: justify; \">Ainda, foram apresentados\u00a0<strong>7 Requerimentos</strong>,\u00a0<strong>31 Indica\u00e7\u00f5es</strong> e\u00a0<strong>1 Mo\u00e7\u00e3o de Congratula\u00e7\u00f5es e Aplausos</strong>.</p>\r\n<p style=\"text-align: justify; \">\u00a0</p>\r\n<p>A reuni\u00e3o contou com a presen\u00e7a de todos os vereadores.</p>\r\n<p>Assista na \u00edntegra a sess\u00e3o em nossa p\u00e1gina no\u00a0<a class=\"external-link\" href=\"https://www.youtube.com/watch?v=DasPNiCx0vE\" target=\"_blank\" title=\"\">YouTube</a>.</p>\r\n<p>A\u00a0<em>55\u00aa Sess\u00e3o Ordin\u00e1ria</em>\u00a0realizar-se-\u00e1 no dia 07 de agosto de 2023.</p>\r\n<p>Toda comunidade \u00e9 convidada a acompanhar as sess\u00f5es ao vivo pelo\u00a0<a class=\"external-link\" href=\"https://www.facebook.com/CamaraAdamantina\" target=\"_blank\" title=\"\">facebook</a>,\u00a0bem como pela\u00a0R\u00e1dio Cultura 99,3 FM, TV Cidade e nosso canal no\u00a0<a class=\"external-link\" href=\"https://youtube.com/@cmatransmissao\" target=\"_blank\" title=\"\">Youtube</a>.</p>", "author_name": "", "version": "1.0", "author_url": "https://www.adamantina.sp.leg.br/author/adm", "provider_name": "C\u00e2mara Municipal de Adamantina", "type": "rich"}