{"provider_url": "https://www.adamantina.sp.leg.br", "title": "Resumo 53\u00aa Sess\u00e3o Extraordin\u00e1ria", "html": "<p style=\"text-align: justify; \">No \u00faltimo dia 22 de agosto, a C\u00e2mara Municipal de Adamantina realizou a 53\u00aa Sess\u00e3o Extraordin\u00e1ria desta Legislatura.\u00a0</p>\r\n<p style=\"text-align: justify; \">Conforme <a class=\"external-link\" href=\"https://sapl.adamantina.sp.leg.br/media/sapl/public/materialegislativa/2024/15999/circular__53_extra.pdf\" target=\"_blank\" title=\"\">Circular n\u00ba 044/2024</a> foi apreciado e votado, em\u00a0<b>EM DISCUSS\u00c3O \u00daNICA</b>, o\u00a0<b><a class=\"external-link\" href=\"https://sapl.adamantina.sp.leg.br/media/sapl/public/materialegislativa/2024/15966/78a_projeto_de_lei_077_m_072_-_abertura_de_credito_especial_r_269.17311_-_lei_aldir_blanc.pdf\" target=\"_blank\" title=\"\">Projeto de Lei n\u00ba 077/2024</a></b>, de autoria do Poder Executivo,<span>\u00a0que \u201cDisp\u00f5e sobre autoriza\u00e7\u00e3o para </span><i>abertura de cr\u00e9dito especial </i><span>ao Or\u00e7amento da Prefeitura do Munic\u00edpio de Adamantina no valor total de R$ 269.173,11 e d\u00e1 outras provid\u00eancias, proveniente da Lei n\u00ba 14.399/2022 \u2013 Pol\u00edtica Nacional Adir Blanc de Fomento \u00e0 Cultura, Minist\u00e9rio da Cultura \u2013 Recurso Federal.\u201d</span></p>\r\n<p>O projeto foi aprovado por unanimidade.</p>\r\n<p>A reuni\u00e3o contou com a presen\u00e7a de todos os vereadores.</p>\r\n<p>Assista na \u00edntegra a sess\u00e3o em nosso canal no <a class=\"external-link\" href=\"https://www.youtube.com/watch?v=UWt1uk6XD6I\" target=\"_blank\" title=\"\">Youtube</a>.</p>\r\n<p>Toda comunidade \u00e9 convidada a acompanhar as sess\u00f5es ao vivo pelo\u00a0<a class=\"external-link\" href=\"https://www.facebook.com/CamaraAdamantina\" target=\"_blank\" title=\"\">facebook</a>,\u00a0bem como pela\u00a0R\u00e1dio Cultura, 99,3 FM, e nosso canal no\u00a0<a class=\"external-link\" href=\"https://www.youtube.com/@cmatransmissao\" target=\"_blank\" title=\"\">Youtube</a>.</p>", "author_name": "", "version": "1.0", "author_url": "https://www.adamantina.sp.leg.br/author/adm", "provider_name": "C\u00e2mara Municipal de Adamantina", "type": "rich"}