{"provider_url": "https://www.adamantina.sp.leg.br", "title": "Resumo 53\u00aa Sess\u00e3o Ordin\u00e1ria", "html": "<p style=\"text-align: justify; \">Ontem, 03, a C\u00e2mara Municipal de Adamantina realizou a 53\u00aa Sess\u00e3o Ordin\u00e1ria desta Legislatura.</p>\r\n<p style=\"text-align: justify; \">Conforme <a class=\"external-link\" href=\"https://sapl.adamantina.sp.leg.br/media/sapl/public/materialegislativa/2023/14950/circular_031_-_53a_sessao_ordinaria.pdf\" target=\"_blank\" title=\"\">Circular n\u00ba 031/2023</a> foram apreciados e votados os projetos como segue:</p>\r\n<p style=\"text-align: justify; \"><b><span><br /></span></b></p>\r\n<p style=\"text-align: center; \"><b><span>EM PRIMEIRA DISCUSS\u00c3O</span></b></p>\r\n<p style=\"text-align: justify; \"><a class=\"external-link\" href=\"https://sapl.adamantina.sp.leg.br/media/sapl/public/materialegislativa/2023/14849/51a_projeto_de_lei_038_m_056_-_diretrizes_orcamentarias_-_ldo_2024.pdf\" target=\"_blank\" title=\"\"><b>Projeto de Lei</b><b> n\u00ba </b><b>038/2023</b></a><span> \u2013 PM \u2013 que \u201c</span><em>Disp\u00f5e sobre as Diretrizes Or\u00e7ament\u00e1rias para Elabora\u00e7\u00e3o e Execu\u00e7\u00e3o da Lei Or\u00e7ament\u00e1ria para o </em><em>e</em><em>xerc\u00edcio </em><em>f</em><em>inanceiro de 2024 e d\u00e1 outras provid\u00eancias</em><span>.\u201d</span></p>\r\n<p style=\"text-align: justify; \">\u00a0</p>\r\n<p style=\"text-align: center; \"><b>EM SEGUNDA DISCUSS\u00c3O E REDA\u00c7\u00c3O FINAL</b></p>\r\n<p style=\"text-align: justify; \"><a class=\"external-link\" href=\"https://sapl.adamantina.sp.leg.br/media/sapl/public/materialegislativa/2023/14862/51a_projeto_de_lei_051_m_068-_dispoe_o_sistema_municipal_de_cultura.pdf\" target=\"_blank\" title=\"\"><b>Projeto de Lei</b><b> n\u00ba </b><b>051/2023</b></a><span> \u2013 PM \u2013 que \u201cDisp\u00f5e sobre o Sistema Municipal de Cultura do Munic\u00edpio de Adamantina e d\u00e1 outras provid\u00eancias.\u201d</span></p>\r\n<p style=\"text-align: justify; \">Os projetos foram aprovados por unanimidade.</p>\r\n<p style=\"text-align: justify; \">Ainda, foram apresentados\u00a0<strong>4 Requerimentos</strong>,\u00a0<strong>34 Indica\u00e7\u00f5es</strong> e\u00a0<strong>4 Mo\u00e7\u00f5es de Congratula\u00e7\u00f5es e Aplausos</strong>.</p>\r\n<p style=\"text-align: justify; \"><span>A reuni\u00e3o contou com a presen\u00e7a de todos os vereadores.</span></p>\r\n<p>Assista na \u00edntegra a sess\u00e3o em nossa p\u00e1gina no\u00a0<a class=\"external-link\" href=\"https://www.youtube.com/watch?v=l7YtoHi3fvg\" target=\"_blank\" title=\"\">YouTube</a>.</p>\r\n<p>A\u00a0<em>54\u00aa Sess\u00e3o Ordin\u00e1ria</em>\u00a0realizar-se-\u00e1 no dia 17 de julho de 2023.</p>\r\n<p>Toda comunidade \u00e9 convidada a acompanhar as sess\u00f5es ao vivo pelo\u00a0<a class=\"external-link\" href=\"https://www.facebook.com/CamaraAdamantina\" target=\"_blank\" title=\"\">facebook</a>,\u00a0bem como pela\u00a0R\u00e1dio Cultura 99,3 FM, TV Cidade e nosso canal no\u00a0<a class=\"external-link\" href=\"https://youtube.com/@cmatransmissao\" target=\"_blank\" title=\"\">Youtube</a>.</p>", "author_name": "", "version": "1.0", "author_url": "https://www.adamantina.sp.leg.br/author/adm", "provider_name": "C\u00e2mara Municipal de Adamantina", "type": "rich"}