{"provider_url": "https://www.adamantina.sp.leg.br", "title": "Resumo 53\u00aa Sess\u00e3o Ordin\u00e1ria", "html": "<p style=\"text-align: justify; \">Ontem, 03, a C\u00e2mara Municipal de Adamantina realizou a 53\u00aa Sess\u00e3o Ordin\u00e1ria.</p>\r\n<p style=\"text-align: justify; \">Foram apresentadas\u00a0<strong>37 Indica\u00e7\u00f5es</strong>,\u00a0<strong>13 Requerimentos</strong> e\u00a0<strong>2 Mo\u00e7\u00f5es de Congratula\u00e7\u00f5es e Aplausos</strong>.</p>\r\n<p style=\"text-align: justify; \">Ainda, conforme Circular 023/19, foram apreciados e votados os projetos como segue:</p>\r\n<p style=\"text-align: center; \"><b><span>********** EM SEGUNDA DISCUSS\u00c3O E REDA\u00c7\u00c3O FINAL **********</span></b></p>\r\n<p style=\"text-align: justify; \"><b>Projeto de Lei Complementar n\u00ba 009/19</b><span> \u2013 PM \u2013 que \u201cDisp\u00f5e sobre a gratifica\u00e7\u00e3o para servidores que atuarem nos Processos de Sindic\u00e2ncia e Administrativo Disciplinar e d\u00e1 outras provid\u00eancias.\u201d</span></p>\r\n<p style=\"text-align: center; \"><b>********** EM PRIMEIRA DISCUSS\u00c3O **********</b></p>\r\n<p style=\"text-align: justify; \"><b>Projeto de Lei n\u00ba 029/19</b><span> \u2013 PM \u2013 que \u201cDisp\u00f5e sobre altera\u00e7\u00e3o do artigo 9\u00ba e do Anexo I da Lei n\u00ba 3.785 e d\u00e1 outras provid\u00eancias.\u201d</span></p>\r\n<p style=\"text-align: justify; \"><b><span>Projeto de Lei Complementar n\u00ba 010/19</span></b> \u2013 PM \u2013 que \u201cDisp\u00f5e sobre a inclus\u00e3o de inciso ao \u00a7 5\u00ba do artigo 19 da Lei Complementar n\u00ba 284, de 14 de julho de 2017.\u201d</p>\r\n<p style=\"text-align: justify; \">TODOS OS PROJETOS FORAM APROVADOS POR UNANIMIDADE CONFORME AS RESPECTIVAS DISCUSS\u00d5ES.</p>\r\n<p style=\"text-align: justify; \">A reuni\u00e3o contou com a presen\u00e7a de todos os vereadores.</p>\r\n<p style=\"text-align: justify; \">Tamb\u00e9m estiveram presentes representantes da imprensa escrita e falada e membros da comunidade.</p>\r\n<p style=\"text-align: justify; \">A pr\u00f3xima sess\u00e3o acontecer\u00e1 em 17 de junho.\u00a0</p>\r\n<p>Acompanhe as sess\u00f5es legislativas, pessoalmente no Plen\u00e1rio Vereador Jos\u00e9 Ikeda, pelas R\u00e1dios LIFE FM e Brasil FM ou pela transmiss\u00e3o ao vivo pelo link\u00a0<a href=\"https://www.facebook.com/CamaraAdamantina/\">https://www.facebook.com/CamaraAdamantina/</a></p>", "author_name": "adt", "version": "1.0", "author_url": "https://www.adamantina.sp.leg.br/author/adt", "provider_name": "C\u00e2mara Municipal de Adamantina", "type": "rich"}