{"provider_url": "https://www.adamantina.sp.leg.br", "title": "Resumo 52\u00aa Sess\u00e3o Ordin\u00e1ria", "html": "<p style=\"text-align: justify; \">Hoje, 21, esta Casa de Leis realizou a 52\u00aa Sess\u00e3o Extraordin\u00e1ria desta Legislatura. Conforme <a class=\"external-link\" href=\"https://sapl.adamantina.sp.leg.br/media/sapl/public/materialegislativa/2020/12002/circular_058.pdf\" target=\"_blank\" title=\"\">Circular n\u00ba 058/2020</a> foi apreciado e votado em\u00a0<b>EM DISCUSS\u00c3O \u00daNICA\u00a0</b>o\u00a0<b><a class=\"external-link\" href=\"https://sapl.adamantina.sp.leg.br/media/sapl/public/materialegislativa/2020/12001/pl_066_-_m_064.pdf\" target=\"_blank\" title=\"\">Projeto de Lei n\u00ba 066/2020</a></b>, de autoria do Poder Executivo<span>\u00a0que disp\u00f5e sobre a desafeta\u00e7\u00e3o de \u00e1rea a fim de instala\u00e7\u00e3o de Academias ao Ar Livre.</span></p>\r\n<p style=\"text-align: justify; \"><span>O projeto foi aprovado por unanimidade</span></p>\r\n<p><span>A reuni\u00e3o contou com a presen\u00e7a de todos dos vereadores.</span></p>\r\n<p>Assista na \u00edntegra a sess\u00e3o que foi transmitida pela nossa\u00a0<a class=\"external-link\" href=\"https://www.facebook.com/CamaraAdamantina/videos/790266428223929\" target=\"_blank\" title=\"\">fanpage</a>.</p>\r\n<p><span>Toda comunidade \u00e9 convidada a acompanhar as sess\u00f5es camar\u00e1rias ao vivo pelo\u00a0</span><a class=\"external-link\" href=\"https://www.facebook.com/CamaraAdamantina\" target=\"_blank\" title=\"\">facebook</a>\u00a0<span>e tamb\u00e9m pela R\u00e1dio Cultura, 99,3 FM.</span></p>\r\n<p style=\"text-align: justify; \"><span><br /></span></p>\r\n<p style=\"text-align: justify; \"><span><br /></span></p>", "author_name": "", "version": "1.0", "author_url": "https://www.adamantina.sp.leg.br/author/adm", "provider_name": "C\u00e2mara Municipal de Adamantina", "type": "rich"}