{"provider_url": "https://www.adamantina.sp.leg.br", "title": "Resumo 52\u00aa Sess\u00e3o Ordin\u00e1ria", "html": "<p style=\"text-align: justify; \">Ontem, 20, esta Casa de Leis realizou a 52\u00aa Sess\u00e3o Ordin\u00e1ria.</p>\r\n<p style=\"text-align: justify; \">Foram apreciados e votados\u00a0<strong>27 Indica\u00e7\u00f5es</strong>,\u00a0<strong>14 Requerimentos</strong>, e\u00a0<strong>3 Mo\u00e7\u00f5es de Congratula\u00e7\u00f5es e Aplausos</strong>.</p>\r\n<p style=\"text-align: justify; \">Ainda, conforme Circular n\u00ba 20/19, foram apresentadas as proposi\u00e7\u00f5es a seguir:</p>\r\n<p style=\"text-align: center; \"><b><span>********** EM SEGUNDA DISCUSS\u00c3O E REDA\u00c7\u00c3O FINAL **********</span></b></p>\r\n<p style=\"text-align: justify; \"><b>Projeto de Lei Complementar n\u00ba 006/19</b><span> \u2013 Mesa da C\u00e2mara \u2013 que \u201cConcede aos servidores e funcion\u00e1rios da C\u00e2mara Municipal de Adamantina o Vale Alimenta\u00e7\u00e3o.\u201d</span></p>\r\n<p style=\"text-align: center; \"><b>********** EM PRIMEIRA DISCUSS\u00c3O **********</b></p>\r\n<p style=\"text-align: justify; \"><b>Projeto de Lei Complementar n\u00ba 009/19</b><span> \u2013 PM \u2013 que \u201cDisp\u00f5e sobre a gratifica\u00e7\u00e3o para servidores que atuarem nos Processos de Sindic\u00e2ncia e Administrativo Disciplinar e d\u00e1 outras provid\u00eancias.\u201d</span></p>\r\n<p style=\"text-align: justify; \"><span>T<em>ODOS OS PROJETOS FORAM APROVADOS POR UNANIMIDADE</em>.</span></p>\r\n<p style=\"text-align: justify; \"><span>Compareceram na reuni\u00e3o todos os vereadores, bem como representantes da imprensa escrita e falada e membros da comunidade.</span></p>\r\n<p style=\"text-align: justify; \"><span>A pr\u00f3xima reuni\u00e3o, a 53\u00aa Sess\u00e3o Ordin\u00e1ria, acontecer\u00e1 dia 4 de Junho, no Plen\u00e1rio Vereador Jos\u00e9 Ikeda.</span><span>\u00a0</span></p>", "author_name": "adt", "version": "1.0", "author_url": "https://www.adamantina.sp.leg.br/author/adt", "provider_name": "C\u00e2mara Municipal de Adamantina", "type": "rich"}