{"provider_url": "https://www.adamantina.sp.leg.br", "title": "Resumo 51\u00aa Sess\u00e3o Ordin\u00e1ria", "html": "<p style=\"text-align: justify; \">Na \u00faltima segunda-feira, 05, a C\u00e2mara Municipal de Adamantina realizou a 51\u00aa Sess\u00e3o Ordin\u00e1ria desta Legislatura.</p>\r\n<p style=\"text-align: justify; \">Conforme <a class=\"external-link\" href=\"https://sapl.adamantina.sp.leg.br/media/sapl/public/materialegislativa/2023/14848/circular_027_-_51a_sessao_ordinaria.pdf\" target=\"_blank\" title=\"\">Circular n\u00ba 027/2023</a> foram apreciados e votados,\u00a0<b>EM DISCUSS\u00c3O \u00daNICA</b> os projetos como segue:</p>\r\n<p style=\"text-align: justify; \"><a class=\"external-link\" href=\"https://sapl.adamantina.sp.leg.br/media/sapl/public/materialegislativa/2023/14806/50a_projeto_de_resolucao_001_mesa_da_camara_-_conducao_de_veiculos_oficiais_da_cma.pdf\" target=\"_blank\" title=\"\"><b>Projeto de </b><b>Resolu\u00e7\u00e3o n\u00ba </b><b>001/2023</b></a><span> \u2013 Mesa da C\u00e2mara \u2013 que \u201c Disp\u00f5e sobre a ado\u00e7\u00e3o de medidas de controle sobre a utiliza\u00e7\u00e3o e condu\u00e7\u00e3o dos ve\u00edculos oficiais da C\u00e2mara Municipal de Adamantina e d\u00e1 outras provid\u00eancias.\u201d</span></p>\r\n<p style=\"text-align: justify; \"><a class=\"external-link\" href=\"https://sapl.adamantina.sp.leg.br/media/sapl/public/materialegislativa/2023/14800/50a_projeto_de_lei_035_m_051_-_abertura_de_credito_suplementar_unifai_-_r_805.00000.pdf\" target=\"_blank\" title=\"\"><b><span>Projeto de Lei</span></b><b><span> n\u00ba </span></b><b><span>035/2023</span></b></a> \u2013 PM \u2013 que \u201cDisp\u00f5e sobre autoriza\u00e7\u00e3o para <i>abertura de cr\u00e9dito adicional suplementar </i>ao Or\u00e7amento da Prefeitura do Munic\u00edpio de Adamantina no valor total de R$ 805.000,00 (oitocentos e cinco mil reais), para refor\u00e7o das dota\u00e7\u00f5es or\u00e7ament\u00e1rias.\u201d</p>\r\n<p style=\"text-align: justify; \"><a class=\"external-link\" href=\"https://sapl.adamantina.sp.leg.br/media/sapl/public/materialegislativa/2023/14801/50a_projeto_de_lei_036_m_052_-_repasse_sta_casa_r_81.26761_mac_estadual_proc_cirur_res_45_e_49-23.pdf\" target=\"_blank\" title=\"\"><b><span>Projeto de Lei</span></b><b><span> n\u00ba </span></b><b><span>036/2023</span></b></a> \u2013 PM \u2013 que \u201cDisp\u00f5e sobre autoriza\u00e7\u00e3o para a Prefeitura do Munic\u00edpio de Adamantina abrir cr\u00e9dito adicional suplementar no valor de R$ 81.267,61 e repassar \u00e0 Associa\u00e7\u00e3o Lar S\u00e3o Francisco de Assis na Provid\u00eancia de Deus \u2013 Santa Casa de Adamantina, aux\u00edlio financeiro e emergencial e d\u00e1 outras provid\u00eancias.\u201d</p>\r\n<p style=\"text-align: justify; \"><a class=\"external-link\" href=\"https://sapl.adamantina.sp.leg.br/media/sapl/public/materialegislativa/2023/14802/50a_projeto_de_lei_037_m_055_-_abertura_de_credito_r_35.15300__-_saude_vacinacao.pdf\" target=\"_blank\" title=\"\"><b><span>Projeto de Lei</span></b><b><span> n\u00ba </span></b><b><span>037/2023</span></b></a> \u2013 PM \u2013 que \u201c Disp\u00f5e sobre autoriza\u00e7\u00e3o para a abertura de cr\u00e9dito adicional suplementar ao or\u00e7amento da Prefeitura de Adamantina no valor de R$ 35.153,00 e d\u00e1 outras provid\u00eancias \u2013 Fundo Municipal de Sa\u00fade, cobertura vacinal.\u201d</p>\r\n<p style=\"text-align: justify; \"><a class=\"external-link\" href=\"https://sapl.adamantina.sp.leg.br/media/sapl/public/materialegislativa/2023/14803/50a_projeto_de_lei_complementar_023_m_050_-_autorizacao_para_a_doacao_de_area_que_especifica_-_construtora_rotoli.pdf\" target=\"_blank\" title=\"\"><b><span>Projeto de Lei</span></b><b><span> </span></b><b><span>Complementar n\u00ba </span></b><b><span>023/2023</span></b></a> \u2013 PM \u2013 que \u201cDisp\u00f5e sobre autoriza\u00e7\u00e3o para o Chefe do Poder Executivo alienar, por doa\u00e7\u00e3o, \u00e0 empresa CONSTRUTORA ROTOLI LTDA o im\u00f3vel que espec\u00edfica.\u201d</p>\r\n<p style=\"text-align: justify; \"><a class=\"external-link\" href=\"https://sapl.adamantina.sp.leg.br/media/sapl/public/materialegislativa/2023/14805/50a_projeto_de_lei_complementar_025_m_054-_altera_a_lc_428_-_gratificacao_de_funcao_mediador_polo_univesp.pdf\" target=\"_blank\" title=\"\"><b><span>Projeto de Lei</span></b><b><span> </span></b><b><span>Complementar n\u00ba </span></b><b><span>025/2023</span></b></a> \u2013 PM \u2013 que \u201cAltera a Lei Complementar n\u00ba 428, de 04 de maio de 2023, que disp\u00f5e sobre as fun\u00e7\u00f5es e gratifica\u00e7\u00e3o de fun\u00e7\u00e3o para o servidor designado \u00e0 orientador do P\u00f3lo da Funda\u00e7\u00e3o Universidade Virtual do Estado de S\u00e3o Paulo \u2013 UNIVESP.\u201d</p>\r\n<p style=\"text-align: justify; \">Todos os projetos foram aprovados.</p>\r\n<p>Ainda, foram apresentados <strong>14\u00a0Requerimentos</strong>, <strong>25\u00a0Indica\u00e7\u00f5es</strong>\u00a0e\u00a0<strong>4</strong><strong>\u00a0Mo\u00e7\u00f5es de Congratula\u00e7\u00f5es e Aplausos</strong>.</p>\r\n<p>A reuni\u00e3o contou com a presen\u00e7a de todos os vereadores.</p>\r\n<p>Assista na \u00edntegra a sess\u00e3o em nossa p\u00e1gina no\u00a0<a class=\"external-link\" href=\"https://www.youtube.com/watch?v=vU7tzkNqxCo\" target=\"_blank\" title=\"\">YouTube</a>.</p>\r\n<p>A\u00a0<em>52\u00aa Sess\u00e3o Ordin\u00e1ria</em>\u00a0realizar-se-\u00e1 no dia 19 de junho de 2023.</p>\r\n<p>Toda comunidade \u00e9 convidada a acompanhar as sess\u00f5es ao vivo pelo\u00a0<a class=\"external-link\" href=\"https://www.facebook.com/CamaraAdamantina\" target=\"_blank\" title=\"\">facebook</a>,\u00a0bem como pela\u00a0R\u00e1dio Cultura 99,3 FM, TV Cidade e nosso canal no\u00a0<a class=\"external-link\" href=\"https://youtube.com/@cmatransmissao\" target=\"_blank\" title=\"\">Youtube</a>.</p>", "author_name": "", "version": "1.0", "author_url": "https://www.adamantina.sp.leg.br/author/adm", "provider_name": "C\u00e2mara Municipal de Adamantina", "type": "rich"}