{"provider_url": "https://www.adamantina.sp.leg.br", "title": "Resumo 51\u00aa Sess\u00e3o Extraordin\u00e1ria", "html": "<p style=\"text-align: justify; \">No dia 05 de junho, esta Casa de Leis realizou a 51\u00aa Sess\u00e3o Extraordin\u00e1ria desta Legislatura.</p>\r\n<p style=\"text-align: justify; \">Conforme <a class=\"external-link\" href=\"https://sapl.adamantina.sp.leg.br/media/sapl/public/materialegislativa/2024/15801/circular_029_-_51a_extraordinaria.pdf\" target=\"_blank\" title=\"\">Circular n\u00ba 029/24</a>, foram apreciados e votados,\u00a0<b>EM DISCUSS\u00c3O \u00daNICA\u00a0</b>os projetos como segue:<span>\u00a0</span></p>\r\n<p style=\"text-align: justify; \"><b><span><a class=\"external-link\" href=\"https://sapl.adamantina.sp.leg.br/media/sapl/public/materialegislativa/2024/15764/projeto_de_lei_056_m_056_-_abertura_de_credito_r_r_933.48858_saude_federal.pdf\" target=\"_blank\" title=\"\">Projeto de Lei n\u00ba 056/2024</a></span></b> \u2013 PM \u2013 que \u201cDisp\u00f5e sobre autoriza\u00e7\u00e3o para <i>abertura de cr\u00e9dito especial </i>ao Or\u00e7amento da Prefeitura do Munic\u00edpio de Adamantina no valor total de R$ 933.488,58 e d\u00e1 outras provid\u00eancias, para o Fundo Municipal de Sa\u00fade, a fim de adquirir equipamentos e bens permanentes.\u201d</p>\r\n<p style=\"text-align: justify; \"><b><span><a class=\"external-link\" href=\"https://sapl.adamantina.sp.leg.br/media/sapl/public/materialegislativa/2024/15765/projeto_de_lei_057_m_057_-_autoriza_repasse_apelos_e_patas_r_100.00000.pdf\" target=\"_blank\" title=\"\">Projeto de Lei n\u00ba 057/2024</a></span></b> \u2013 PM \u2013 que \u201cDisp\u00f5e sobre autoriza\u00e7\u00e3o para a Prefeitura do Munic\u00edpio de Adamantina realizar a abertura de cr\u00e9dito adicional suplementar no valor de R$ 100.000,00 e repassar \u00e0 Organiza\u00e7\u00e3o N\u00e3o Governamental Apelos e Patas de Adamantina, sob a forma de subven\u00e7\u00e3o, recursos financeiros e d\u00e1 outras provid\u00eancias.\u201d</p>\r\n<p style=\"text-align: justify; \"><b><span><a class=\"external-link\" href=\"https://sapl.adamantina.sp.leg.br/media/sapl/public/materialegislativa/2024/15766/projeto_de_lei_058_m_058_-_abertura_de_credito_r_90.00000_-_aterro_sanitario.pdf\" target=\"_blank\" title=\"\">Projeto de Lei n\u00ba 058/2024</a></span></b> \u2013 PM \u2013 que \u201cDisp\u00f5e sobre autoriza\u00e7\u00e3o para <i>abertura de cr\u00e9dito especial </i>ao Or\u00e7amento da Prefeitura do Munic\u00edpio de Adamantina no valor total de R$ 90.000,00 e d\u00e1 outras provid\u00eancias, para manuten\u00e7\u00e3o do Aterro Sanit\u00e1rio.\u201d</p>\r\n<p style=\"text-align: justify; \"><b><span><a class=\"external-link\" href=\"https://sapl.adamantina.sp.leg.br/media/sapl/public/materialegislativa/2024/15767/projeto_de_lei_059_m_059_-_autoriza_repasse_pai_nosso_lar_r_824.86673__-_centro_dia.pdf\" target=\"_blank\" title=\"\">Projeto de Lei n\u00ba 059/2024</a></span></b> \u2013 PM \u2013 que \u201cDisp\u00f5e sobre autoriza\u00e7\u00e3o para a Prefeitura do Munic\u00edpio de Adamantina realizar a abertura de cr\u00e9dito especial no valor de R$ 824.866,73 e repassar \u00e0 Associa\u00e7\u00e3o de Repouso Nosso Lar (Cl\u00ednica de Repouso Nosso Lar), sob a forma de subven\u00e7\u00e3o e aux\u00edlio, recursos financeiros e d\u00e1 outras provid\u00eancias, para implanta\u00e7\u00e3o do Centro Dia do Idoso.\u201d</p>\r\n<p style=\"text-align: justify; \">Todos os projetos foram aprovados.</p>\r\n<p><span>A reuni\u00e3o contou com a presen\u00e7a de todos os vereadores.</span></p>\r\n<p>Assista na \u00edntegra a sess\u00e3o em nossa p\u00e1gina no <a class=\"external-link\" href=\"https://www.facebook.com/CamaraAdamantina/videos/388183396949332/\" target=\"_blank\" title=\"\">Facebook</a>.</p>\r\n<p>Toda comunidade \u00e9 convidada a acompanhar as sess\u00f5es ao vivo pelo\u00a0<a class=\"external-link\" href=\"https://www.facebook.com/CamaraAdamantina\" target=\"_blank\" title=\"\">facebook</a>,\u00a0bem como pela\u00a0R\u00e1dio Cultura, 99,3 FM, e nosso canal no\u00a0<a class=\"external-link\" href=\"https://www.youtube.com/@cmatransmissao\" target=\"_blank\" title=\"\">Youtube</a>.</p>", "author_name": "", "version": "1.0", "author_url": "https://www.adamantina.sp.leg.br/author/adm", "provider_name": "C\u00e2mara Municipal de Adamantina", "type": "rich"}