{"provider_url": "https://www.adamantina.sp.leg.br", "title": "Resumo 50\u00aa Sess\u00e3o Ordin\u00e1ria", "html": "<p style=\"text-align: justify; \">Ontem, 16, esta Casa de Leis realizou a 50\u00aa Sess\u00e3o Ordin\u00e1ria desta Legislatura.</p>\r\n<p style=\"text-align: justify; \">Conforme <a class=\"external-link\" href=\"https://sapl.adamantina.sp.leg.br/media/sapl/public/materialegislativa/2023/14799/circular_024_-_50a_sessao_ordinaria.pdf\" target=\"_blank\" title=\"\">Circular n\u00ba 024/2023</a> foram apreciados e votados,\u00a0<b>EM DISCUSS\u00c3O \u00daNICA</b> os projetos abaixo:</p>\r\n<p style=\"text-align: justify; \"><a class=\"external-link\" href=\"https://sapl.adamantina.sp.leg.br/media/sapl/public/materialegislativa/2023/14764/49a_projeto_de_lei_032_m_044_autoriza_pagar_despesa_de_manutencao_de_ar_condicionado_-_pm.pdf\" target=\"_blank\" title=\"\"><b>Projeto de Lei n\u00ba 0</b><b>32/2023</b> </a>\u2013 PM \u2013 que \u201cDisp\u00f5e sobre autoriza\u00e7\u00e3o para a Prefeitura do Munic\u00edpio de Adamantina possa custear despesa de instala\u00e7\u00e3o de ar condicionado na Segunda Companhia da Policia Militar de Adamantina 25\u00ba BPM/I e d\u00e1 outras provid\u00eancias.\u201d</p>\r\n<p style=\"text-align: justify; \"><a class=\"external-link\" href=\"https://sapl.adamantina.sp.leg.br/media/sapl/public/materialegislativa/2023/14760/49a_projeto_de_lei_complementar_019_m_043-_altera_a_lei_compl._386_-_concessao_area_valentin_gatti_-_geo_analitica.pdf\" target=\"_blank\" title=\"\"><b><span>Projeto de Lei</span></b><b><span> Complementar n\u00ba </span></b><b><span>019/2023</span></b></a> \u2013 PM \u2013 que \u201cDisp\u00f5e sobre a altera\u00e7\u00e3o da Lei Complementar n\u00ba 386, de 17 de dezembro de 2021, que disp\u00f5e sobre autoriza\u00e7\u00e3o para que o Chefe do Poder Executivo possa outorgar Concess\u00e3o de Direito Real de Uso de Im\u00f3vel \u00e0 GEO-ANAL\u00cdTICA ESTUDOS E GERENCIAMENTO DE \u00c1REAS CONTAMINADAS LTDA e d\u00e1 outras provid\u00eancias.\u201d (regulariza\u00e7\u00e3o do CNPJ)</p>\r\n<p style=\"text-align: justify; \"><a class=\"external-link\" href=\"https://sapl.adamantina.sp.leg.br/media/sapl/public/materialegislativa/2023/14762/49a_projeto_de_lei_complementar_021_m_047_-_dispoe_sobre_atribuicao_de_gratificacao_dos_autores_da_licitacao.pdf\" target=\"_blank\" title=\"\"><b><span>Projeto de Lei</span></b><b><span> Complementar n\u00ba </span></b><b><span>021/2023</span></b></a> \u2013 PM \u2013 que \u201cDisp\u00f5e sobre atribui\u00e7\u00e3o de gratifica\u00e7\u00e3o de fun\u00e7\u00e3o para servidores que desempenham atividades de suporte ao Departamento de Licita\u00e7\u00f5es e Contratos e d\u00e1 outras provid\u00eancias.\u201d</p>\r\n<p style=\"text-align: justify; \"><a class=\"external-link\" href=\"https://sapl.adamantina.sp.leg.br/media/sapl/public/materialegislativa/2023/14763/49a_projeto_de_lei_complementar_022_m_048_-__autorizacao_para_alienacao_de_imovel_por_investidura_-_jose_de_oliveira_neto.pdf\" target=\"_blank\" title=\"\"><b><span>Projeto de Lei</span></b><b><span> Complementar n\u00ba 0</span></b><b><span>22/2023</span></b> </a>\u2013 PM \u2013 que \u201cDisp\u00f5e sobre a autoriza\u00e7\u00e3o para o Poder Executivo alienar bem im\u00f3vel, pelo instituto da investidura, conforme especifica e d\u00e1 outras provid\u00eancias.\u201d</p>\r\n<p style=\"text-align: justify; \">TODOS OS PROJETOS FORAM APROVADOS POR UNANIMIDADE.</p>\r\n<p style=\"text-align: justify; \">Ainda, foram apresentados\u00a0<strong>8 Requerimentos</strong>,\u00a0<strong>30 Indica\u00e7\u00f5es</strong> e\u00a0<strong>1 Mo\u00e7\u00e3o de Congratula\u00e7\u00f5es e Aplausos</strong>.</p>\r\n<p>A reuni\u00e3o contou com a presen\u00e7a de todos os vereadores.</p>\r\n<p>Assista na \u00edntegra a sess\u00e3o em nossa p\u00e1gina no\u00a0<a class=\"external-link\" href=\"https://www.youtube.com/watch?v=KnZrVeNCDps\" target=\"_blank\" title=\"\">YouTube</a>.</p>\r\n<p>A\u00a0<em>51\u00aa Sess\u00e3o Ordin\u00e1ria</em>\u00a0realizar-se-\u00e1 no dia 05 de junho de 2023.</p>\r\n<p>Toda comunidade \u00e9 convidada a acompanhar as sess\u00f5es ao vivo pelo\u00a0<a class=\"external-link\" href=\"https://www.facebook.com/CamaraAdamantina\" target=\"_blank\" title=\"\">facebook</a>,\u00a0bem como pela\u00a0R\u00e1dio Cultura 99,3 FM, TV Cidade e nosso canal no\u00a0<a class=\"external-link\" href=\"https://youtube.com/@cmatransmissao\" target=\"_blank\" title=\"\">Youtube</a>.</p>", "author_name": "", "version": "1.0", "author_url": "https://www.adamantina.sp.leg.br/author/adm", "provider_name": "C\u00e2mara Municipal de Adamantina", "type": "rich"}