{"provider_url": "https://www.adamantina.sp.leg.br", "title": "Resumo 50\u00aa Sess\u00e3o Extraordin\u00e1ria", "html": "<p style=\"text-align: justify; \">No dia 23 de maio. a C\u00e2mara Municipal de Adamantina realizou a 50\u00aa Sess\u00e3o Extraordin\u00e1ria desta Legislatura.</p>\r\n<p style=\"text-align: justify; \">Conforme <a class=\"external-link\" href=\"https://sapl.adamantina.sp.leg.br/media/sapl/public/materialegislativa/2024/15798/circular_026_-_50a_extraordinaria.pdf\" target=\"_blank\" title=\"\">Circular n\u00ba 026/24</a> foram apreciados e votados,\u00a0<b>EM DISCUSS\u00c3O \u00daNICA</b></p>\r\n<p style=\"text-align: justify; \">\u00a0</p>\r\n<p style=\"text-align: justify; \"><b><span><a class=\"external-link\" href=\"https://sapl.adamantina.sp.leg.br/media/sapl/public/materialegislativa/2024/15740/72a_projeto_de_lei_050_m_050_-_abertura_de_credito_r_60.00000_unifai_empresa_plano_de_carreira.pdf\" target=\"_blank\" title=\"\">Projeto de Lei n\u00ba 050/2024</a></span></b> \u2013 PM \u2013 que \u201cDisp\u00f5e sobre autoriza\u00e7\u00e3o para <i>abertura de cr\u00e9dito adicional suplementar </i>ao Or\u00e7amento da Prefeitura do Munic\u00edpio de Adamantina no valor total de R$ 60.000,00 (sessenta mil reais) para refor\u00e7o das dota\u00e7\u00f5es da UNIFAI.\u201d</p>\r\n<p style=\"text-align: justify; \"><b><span><a class=\"external-link\" href=\"https://sapl.adamantina.sp.leg.br/media/sapl/public/materialegislativa/2024/15741/72a_projeto_de_lei_051_m_051_-_abertura_de_credito_r_220.00000_transporte_escolar.pdf\" target=\"_blank\" title=\"\">Projeto de Lei n\u00ba 051/2024</a></span></b> \u2013 PM \u2013 que \u201cDisp\u00f5e sobre autoriza\u00e7\u00e3o para <i>abertura de cr\u00e9dito adicional suplementar </i>ao Or\u00e7amento da Prefeitura do Munic\u00edpio de Adamantina no valor total de R$ 220.000,00 e d\u00e1 outras provid\u00eancias para uso da Secretaria Municipal de Educa\u00e7\u00e3o.\u201d</p>\r\n<p style=\"text-align: justify; \"><b><span><a class=\"external-link\" href=\"https://sapl.adamantina.sp.leg.br/media/sapl/public/materialegislativa/2024/15742/72a_projeto_de_lei_052_m_052_-_abertura_de_credito_r_539.10000_-_suplementacao_ensino_fundamental.pdf\" target=\"_blank\" title=\"\">Projeto de Lei n\u00ba 052/2024</a></span></b> \u2013 PM \u2013 que \u201cDisp\u00f5e sobre autoriza\u00e7\u00e3o para <i>abertura de cr\u00e9dito adicional suplementar </i>ao Or\u00e7amento da Prefeitura do Munic\u00edpio de Adamantina no valor total de R$ 539.100,00 e d\u00e1 outras provid\u00eancias, para gest\u00e3o das Escolas Municipais de Ensino Fundamental.\u201d</p>\r\n<p style=\"text-align: justify; \"><b><span><a class=\"external-link\" href=\"https://sapl.adamantina.sp.leg.br/media/sapl/public/materialegislativa/2024/15743/72a_projeto_de_lei_053_m_053_-_abertura_de_credito_especial_r_35.00000_-_teto_mac_clinica_fisio_fai.pdf\" target=\"_blank\" title=\"\">Projeto de Lei n\u00ba 053/2024</a></span></b> \u2013 PM \u2013 que \u201cDisp\u00f5e sobre autoriza\u00e7\u00e3o para <i>abertura de cr\u00e9dito especial </i>ao Or\u00e7amento da Prefeitura do Munic\u00edpio de Adamantina no valor total de R$ 35.000,00 e d\u00e1 outras provid\u00eancias, para custeio hospitalar e ambulatorial TETO MAC Federal.\u201d</p>\r\n<p style=\"text-align: justify; \"><b><span><a class=\"external-link\" href=\"https://sapl.adamantina.sp.leg.br/media/sapl/public/materialegislativa/2024/15744/72a_projeto_de_lei_054_m_055_-_abertura_de_credito_especial_r_43.00000_-_des._economico_-_adamantina_qualifica.pdf\" target=\"_blank\" title=\"\">Projeto de Lei n\u00ba 054/2024</a></span></b> \u2013 PM \u2013 que \u201cDisp\u00f5e sobre autoriza\u00e7\u00e3o para <i>abertura de cr\u00e9dito especial </i>ao Or\u00e7amento da Prefeitura do Munic\u00edpio de Adamantina no valor total de R$ 43.000,00 e d\u00e1 outras provid\u00eancias para uso da Secretaria Municipal de Desenvolvimento Econ\u00f4mico.\u201d</p>\r\n<p>Todos os projetos foram aprovados.</p>\r\n<p>A reuni\u00e3o contou com a presen\u00e7a de todos os vereadores.</p>\r\n<p>Assista na \u00edntegra a sess\u00e3o em nosso canal no\u00a0<a class=\"external-link\" href=\"https://www.youtube.com/live/5fhRqorLPQM?si=yDCvdLvZ6VpkCL5R\" target=\"_blank\" title=\"\">Youtube</a>.</p>\r\n<p>Toda comunidade \u00e9 convidada a acompanhar as sess\u00f5es ao vivo pelo\u00a0<a class=\"external-link\" href=\"https://www.facebook.com/CamaraAdamantina\" target=\"_blank\" title=\"\">facebook</a>,\u00a0bem como pela\u00a0R\u00e1dio Cultura, 99,3 FM, TV Cidade e nosso canal no\u00a0<a class=\"external-link\" href=\"https://www.youtube.com/@cmatransmissao\" target=\"_blank\" title=\"\">Youtube</a>.</p>", "author_name": "", "version": "1.0", "author_url": "https://www.adamantina.sp.leg.br/author/adm", "provider_name": "C\u00e2mara Municipal de Adamantina", "type": "rich"}