{"provider_url": "https://www.adamantina.sp.leg.br", "title": "Resumo 4\u00aa Sess\u00e3o Ordin\u00e1ria", "html": "<p style=\"text-align: justify; \">Ontem, 24, a C\u00e2mara Municipal de Adamantina realizou a 4\u00aa Sess\u00e3o ordin\u00e1ria desta Legislatura.</p>\r\n<p style=\"text-align: justify; \">Conforme <a class=\"external-link\" href=\"https://sapl.adamantina.sp.leg.br/media/sapl/public/materialegislativa/2025/16410/circular_009_-_4a_sessao_ordinaria.pdf\" target=\"_blank\" title=\"\">Circular n\u00ba 009/2025</a> foram apreciados e votados os projetos abaixo:</p>\r\n<p style=\"text-align: justify; \"><b><span>EM DISCUSS\u00c3O \u00daNICA</span></b><span>\u00a0</span></p>\r\n<p style=\"text-align: justify; \"><b><span><a class=\"external-link\" href=\"https://sapl.adamantina.sp.leg.br/media/sapl/public/materialegislativa/2025/16347/3a_ordinaria_-_pl_013_m_017_-_projeto_de_lei_-_autoriza_majorar__subsidio_tarifario_mensal_para_operacionalizacao_do_transporte_coletivo.pdf\" target=\"_blank\" title=\"\">Projeto de Lei n\u00ba 013/2025</a></span></b> \u2013 PM \u2013 que \u201cDisp\u00f5e sobre a altera\u00e7\u00e3o da Lei Municipal n.\u00ba 4.129, de 04 de maio de 2022, que autoriza o Poder Executivo Municipal a instituir subs\u00eddio tarif\u00e1rio mensal para a operacionaliza\u00e7\u00e3o dos servi\u00e7os de transporte coletivo urbano no munic\u00edpio de Adamantina e d\u00e1 outras provid\u00eancias.\u201d (APROVADO POR UNANIMIDADE)</p>\r\n<p style=\"text-align: justify; \"><b><span><a class=\"external-link\" href=\"https://sapl.adamantina.sp.leg.br/media/sapl/public/materialegislativa/2025/16348/3a_ordinaria_-_pl_014_m_018_-_projeto_de_lei_iluminacao_publica_-_sec._obras_finc.pdf\" target=\"_blank\" title=\"\">Projeto de Lei n\u00ba 014/2025</a></span></b> \u2013 PM \u2013 que \u201cDisp\u00f5e sobre autoriza\u00e7\u00e3o para abertura de cr\u00e9dito adicional suplementar ao Or\u00e7amento da Prefeitura do Munic\u00edpio de Adamantina no valor total de R$ 900.000,00 e d\u00e1 outras provid\u00eancias.\u201d\u00a0<span>(APROVADO POR UNANIMIDADE)</span></p>\r\n<p style=\"text-align: justify; \"><b><span><a class=\"external-link\" href=\"https://sapl.adamantina.sp.leg.br/media/sapl/public/materialegislativa/2025/16220/1a_ordinaria_-_projeto_de_lei_complementar_001_-_m_004_-_institui_conselho_municipal_da_mulher.pdf\" target=\"_blank\" title=\"\">Projeto de Lei Complementar n\u00ba 001/2025</a></span></b> \u2013 PM \u2013 que \u201cDisp\u00f5e sobre a cria\u00e7\u00e3o do Conselho Municipal dos Direitos da Mulher e d\u00e1 outras provid\u00eancias.\u201d (REJEITADO - 5X3)</p>\r\n<p style=\"text-align: justify; \">\u00a0</p>\r\n<p style=\"text-align: justify; \"><b><span>EM PRIMEIRA DISCUSS\u00c3O</span></b><span>\u00a0</span></p>\r\n<p style=\"text-align: justify; \"><b><span><a class=\"external-link\" href=\"https://sapl.adamantina.sp.leg.br/media/sapl/public/materialegislativa/2025/16350/3a_ordinaria_-_plc_005_m_019_-_projeto_de_lei_criacao_de_cargos_enfermeiro.pdf\" target=\"_blank\" title=\"\">Projeto de Lei Complementar n\u00ba 005/2025</a></span></b> \u2013 PM \u2013 que \u201cDisp\u00f5e sobre a cria\u00e7\u00e3o de 02 (duas) novas vagas para o emprego de Enfermeiro(a) ESF \u2013 40h/semanais, visando o preenchimento de vagas existentes, com o objetivo de preenchimento das equipes de ESF de acordo com a necessidade e d\u00e1 outras provid\u00eancias.\u201d\u00a0<span>(APROVADO POR UNANIMIDADE)</span></p>\r\n<p style=\"text-align: justify; \"><b><span><a class=\"external-link\" href=\"https://sapl.adamantina.sp.leg.br/media/sapl/public/materialegislativa/2025/16346/3a_ordinaria_-_pe_loma_001_m_022-_prazo_ldo.pdf\" target=\"_blank\" title=\"\">Projeto de Emenda \u00e0 LOMA n\u00ba 001/2025</a></span></b> \u2013 PM \u2013 que \u201cDisp\u00f5e sobre o acr\u00e9scimo de par\u00e1grafo \u00fanico ao artigo 16 das Disposi\u00e7\u00f5es Transit\u00f3rias da Lei Org\u00e2nica do Munic\u00edpio de Adamantina - LOMA.\u201d\u00a0<span>(APROVADO POR UNANIMIDADE)</span></p>\r\n<p style=\"text-align: justify; \"><span></span>Ainda, foram apresentados <strong>13 Requerimentos</strong> e <strong>31 Indica\u00e7\u00f5es</strong>.</p>\r\n<p>A reuni\u00e3o contou com a presen\u00e7a de todos os vereadores.</p>\r\n<p>Assista na \u00edntegra a sess\u00e3o em nosso Canal no\u00a0<a class=\"external-link\" href=\"https://www.youtube.com/watch?v=filJZwAjky8\" target=\"_blank\" title=\"\">YouTube</a>.</p>\r\n<p>A 5\u00aa Sess\u00e3o Ordin\u00e1ria acontecer no dia 07 de abril de 2025.</p>\r\n<p>Toda comunidade \u00e9 convidada a acompanhar as sess\u00f5es ao vivo pelo\u00a0<a class=\"external-link\" href=\"https://www.facebook.com/CamaraAdamantina\" target=\"_blank\" title=\"\">facebook</a>,\u00a0bem como pela\u00a0R\u00e1dio Cultura e nosso canal no\u00a0<a class=\"external-link\" href=\"https://youtube.com/@cmatransmissao\" target=\"_blank\" title=\"\">Youtube</a>.</p>", "author_name": "", "version": "1.0", "author_url": "https://www.adamantina.sp.leg.br/author/adm", "provider_name": "C\u00e2mara Municipal de Adamantina", "type": "rich"}