{"provider_url": "https://www.adamantina.sp.leg.br", "title": "Resumo 4\u00aa Sess\u00e3o Ordin\u00e1ria", "html": "<p style=\"text-align: justify; \">No \u00faltimo dia 15 de mar\u00e7o esta Casa de Leis realizou a 4\u00aa Sess\u00e3o Ordin\u00e1ria.</p>\r\n<p style=\"text-align: justify; \">Foram apresentados\u00a0<strong></strong><strong>16 Requerimentos</strong>,\u00a0<strong>51 Indica\u00e7\u00f5es</strong> e\u00a0<strong>1 Mo\u00e7\u00e3o de Congratula\u00e7\u00f5es e Aplausos</strong>.</p>\r\n<p style=\"text-align: justify; \">Ainda, conforme <a class=\"external-link\" href=\"https://sapl.adamantina.sp.leg.br/media/sapl/public/materialegislativa/2021/12160/circular_007_-_4a_sessao_ordinaria.pdf\" target=\"_blank\" title=\"\">Circular n\u00ba 007/2021</a>, foi apreciado e votado\u00a0\u00a0<a class=\"external-link\" href=\"https://sapl.adamantina.sp.leg.br/media/sapl/public/materialegislativa/2021/12159/veto_01.2021.pdf\" target=\"_blank\" title=\"\"><b>Veto \u00e0 Emenda Modificativa n\u00ba</b><b> 001/2021</b><b> e Emenda Aditiva n\u00ba 001/2021, ao Projeto de Lei n\u00ba 005/2021</b></a><span> \u2013 Vereadores Aguinaldo Pires Galv\u00e3o, Alcio Roberto Ikeda J\u00fanior, Ant\u00f4nio Le\u00f4ncio da Silva, Cid Jos\u00e9 Aparecido dos Santos, H\u00e9lio Jos\u00e9 dos Santos, Noriko Onishi Saito, Paulo C\u00e9sar Cervelheira de Oliveira, Rafael Rodrigues Pacheco e Ricardo Soares Cangir\u00e3o \u2013 que \u201cDisp\u00f5e sobre crit\u00e9rios para outorga de moradias e revoga\u00e7\u00e3o de resolu\u00e7\u00e3o de Conselho Municipal de Assist\u00eancia Social\u201d.</span></p>\r\n<p style=\"text-align: justify; \"><span>O referido veto foi aprovado em Discuss\u00e3o \u00danica.</span></p>\r\n<p><span>Assista na \u00edntegra a sess\u00e3o que foi transmitida pela nossa\u00a0</span><a class=\"external-link\" href=\"https://www.facebook.com/CamaraAdamantina/videos/473909220316220\" target=\"_blank\" title=\"\">fanpage</a><span>.</span></p>\r\n<p>A 5\u00aa Sess\u00e3o Ordin\u00e1ria, realizar-se-\u00e1 no dia 05 de abril de 2021.</p>\r\n<p><span>Toda comunidade \u00e9 convidada a acompanhar ao vivo pelo\u00a0</span><a class=\"external-link\" href=\"https://www.facebook.com/CamaraAdamantina\" target=\"_blank\" title=\"\">facebook</a>, bem como pela\u00a0<span>R\u00e1dio Cultura, 99,3 FM e Radio Joia 93,7 FM.</span></p>", "author_name": "", "version": "1.0", "author_url": "https://www.adamantina.sp.leg.br/author/adm", "provider_name": "C\u00e2mara Municipal de Adamantina", "type": "rich"}