{"provider_url": "https://www.adamantina.sp.leg.br", "title": "Resumo 4\u00aa Sess\u00e3o Extraordin\u00e1ria", "html": "<p style=\"text-align: justify; \">No dia 15 de julho, a C\u00e2mara Municipal de Adamantina realizou a 4\u00aa Sess\u00e3o Extraordin\u00e1ria desta Legislatura.</p>\r\n<p style=\"text-align: justify; \">Conforme <a class=\"external-link\" href=\"https://sapl.adamantina.sp.leg.br/media/sapl/public/materialegislativa/2025/16700/circular.pdf\" target=\"_blank\" title=\"\">Circular n\u00ba 026/2025</a>, foram apreciados e votados,\u00a0<b>EM DISCUSS\u00c3O \u00daNICA</b>, os projetos abaixo:</p>\r\n<p style=\"text-align: justify; \"><b><a class=\"external-link\" href=\"https://sapl.adamantina.sp.leg.br/media/sapl/public/materialegislativa/2025/16702/11a_ordinaria_-_projeto_de_lei_036_m_041_-_credito_adicional_suplementar_teto-mac_-_r_458.06851.pdf\" target=\"_blank\" title=\"\">Projeto de Lei n\u00ba 036/2025</a></b><span> \u2013 PM \u2013 que \u201cDisp\u00f5e sobre autoriza\u00e7\u00e3o para a Prefeitura do Munic\u00edpio de Adamantina abrir cr\u00e9dito adicional suplementar e repassar \u00e0 Associa\u00e7\u00e3o Lar S\u00e3o Francisco de Assis na Provid\u00eancia de Deus \u2013 Santa Casa de Adamantina, Associa\u00e7\u00e3o de Repouso Nosso Lar de Adamantina, APAE \u2013 Associa\u00e7\u00e3o de Pais e Amigos do Excepcional de Adamantina e Rede de Combate ao C\u00e2ncer de Adamantina, recursos da Aten\u00e7\u00e3o de M\u00e9dia e Alta Complexidade Ambulatorial e Hospitalar \u2013 TETO MAC, e d\u00e1 outras provid\u00eancias.\u201d</span></p>\r\n<p style=\"text-align: justify; \"><b><span><a class=\"external-link\" href=\"https://sapl.adamantina.sp.leg.br/media/sapl/public/materialegislativa/2025/16703/11a_ordinaria_-_projeto_de_lei_037_m_042_-_credito_adicional_suplementar_-_r_1.297.00000_-_fai.pdf\" target=\"_blank\" title=\"\">Projeto de Lei n\u00ba 037/2025</a></span></b> \u2013 PM \u2013 Disp\u00f5e sobre autoriza\u00e7\u00e3o para abertura de cr\u00e9dito adicional suplementar ao Or\u00e7amento do Centro Universit\u00e1rio de Adamantina \u2013 FAI no valor total de R$ 1.297.000,00 (um milh\u00e3o e duzentos e noventa e sete mil reais).</p>\r\n<p style=\"text-align: justify; \">Os projetos foram aprovados por unanimidade.</p>\r\n<p>A reuni\u00e3o contou com a presen\u00e7a de todos os vereadores.</p>\r\n<p>Assista na \u00edntegra a sess\u00e3o em nosso canal no\u00a0<a class=\"external-link\" href=\"https://www.youtube.com/watch?v=-9sFlnLRv7Y\" target=\"_blank\" title=\"\">YouTube</a>.</p>\r\n<p><span>Esta Casa de Leis entrar\u00e1 em Recesso Parlamentar do dia 18 a 31 de julho.</span></p>\r\n<p>Toda comunidade \u00e9 convidada a acompanhar as sess\u00f5es ao vivo pelo\u00a0<a class=\"external-link\" href=\"https://www.facebook.com/CamaraAdamantina\" target=\"_blank\" title=\"\">facebook</a>,\u00a0bem como pela\u00a0R\u00e1dio Cultura, TV Folha Regional e nosso canal no\u00a0<a class=\"external-link\" href=\"https://www.youtube.com/@cmatransmissao\" target=\"_blank\" title=\"\">Youtube</a>.</p>\r\n<p style=\"text-align: justify; \">\u00a0</p>", "author_name": "", "version": "1.0", "author_url": "https://www.adamantina.sp.leg.br/author/adm", "provider_name": "C\u00e2mara Municipal de Adamantina", "type": "rich"}