{"provider_url": "https://www.adamantina.sp.leg.br", "title": "Resumo 4\u00aa Sess\u00e3o Extraordin\u00e1ria", "html": "<p style=\"text-align: justify; \">Hoje, 10, a C\u00e2mara Municipal de Adamantina realizou a 4\u00aa Sess\u00e3o Extraordin\u00e1ria desta Legislatura.</p>\r\n<p style=\"text-align: justify; \">Conforme <a class=\"external-link\" href=\"https://sapl.adamantina.sp.leg.br/media/sapl/public/materialegislativa/2021/12648/circular_023_4a_extra.pdf\" target=\"_blank\" title=\"\">Circular n\u00ba 023/21</a> foi apreciado e votado,\u00a0<b>EM SEGUNDA DISCUSS\u00c3O E REDA\u00c7\u00c3O</b> FINAL,<b> </b>o<b>\u00a0</b><b><a class=\"external-link\" href=\"https://sapl.adamantina.sp.leg.br/media/sapl/public/materialegislativa/2021/12590/plc_004_-_m_038_-_autorizacao_para_a_doacao_de_area_que_especifica_-_mcc_concreto.pdf\" target=\"_blank\" title=\"\">Projeto de Lei Complementar n\u00ba 004/2021</a></b>, de autoria da Prefeitura Municipal q<span>ue disp\u00f5e sobre autoriza\u00e7\u00e3o para o Chefe do Poder Executivo Municipal receber em </span><i>doa\u00e7\u00e3o im\u00f3vel </i><span>que especifica e d\u00e1 outras provid\u00eancias.</span></p>\r\n<p>\u00a0O mesmo foi aprovado por unanimidade.</p>", "author_name": "", "version": "1.0", "author_url": "https://www.adamantina.sp.leg.br/author/adm", "provider_name": "C\u00e2mara Municipal de Adamantina", "type": "rich"}