{"provider_url": "https://www.adamantina.sp.leg.br", "title": "Resumo 49\u00aa Sess\u00e3o Ordin\u00e1ria", "html": "<p>Ontem, 02, a C\u00e2mara Municipal de Adamantina realizou a 49\u00aa Sess\u00e3o Ordin\u00e1ria desta Legislatura.</p>\r\n<p>Conforme <a class=\"external-link\" href=\"https://sapl.adamantina.sp.leg.br/media/sapl/public/materialegislativa/2023/14773/circular_021_-_49a_sessao_ordinaria.pdf\" target=\"_blank\" title=\"\">Circular n\u00ba 021/2023</a> foram apreciados e votados os projetos como segue:</p>\r\n<p><b><br /></b></p>\r\n<p style=\"text-align: center; \"><b>EM DISCUSS\u00c3O \u00daNICA</b></p>\r\n<p><b><a class=\"external-link\" href=\"https://sapl.adamantina.sp.leg.br/media/sapl/public/materialegislativa/2023/14671/47a_projeto_de_lei_complementar_015_m_037_-_dispoe_sobre_atribuicao_de_gratificacao_de_funcao_mediador_polo_univesp.pdf\" target=\"_blank\" title=\"\">Projeto de Lei Complementar n\u00ba 015/2023</a></b>\u00a0\u2013 PM \u2013 que \u201cDisp\u00f5e sobre as fun\u00e7\u00f5es e gratifica\u00e7\u00e3o de fun\u00e7\u00e3o para o servidor designado \u00e0 orientador do Polo da Funda\u00e7\u00e3o Universidade Virtual do Estado de S\u00e3o Paulo \u2013 UNIVESP.\u201d</p>\r\n<p>\u00a0</p>\r\n<p style=\"text-align: center; \"><b>EM SEGUNDA DISCUSS\u00c3O E REDA\u00c7\u00c3O FINAL</b></p>\r\n<p><b><a class=\"external-link\" href=\"https://sapl.adamantina.sp.leg.br/media/sapl/public/materialegislativa/2023/14668/47a_projeto_de_lei_031_-_presenca_de_profissionais_doulas_durante_o_parto_nas_maternidades_e_hospitais.pdf\" target=\"_blank\" title=\"\">Projeto de Lei n\u00ba 031/2023</a></b>\u00a0\u2013 Vereadores Alcio Roberto Ikeda J\u00fanior e Paulo C\u00e9sar Cervelheira de Oliveira \u2013 que \u201cDisp\u00f5e sobre a presen\u00e7a de profissionais Doulas durante o parto nas maternidades e hospitais do Munic\u00edpio de Adamantina e d\u00e1 outras provid\u00eancias.\u201d</p>\r\n<p><a class=\"external-link\" href=\"https://sapl.adamantina.sp.leg.br/media/sapl/public/materialegislativa/2023/14672/47a_projeto_de_lei_complementar_016_m_041_-_criacao_emprego_permanente_nutricionista_orientador_social_chefe_museu_e_tec_seg_trabalho.pdf\" target=\"_blank\" title=\"\"><b>Projeto de Lei Complementar n\u00ba 016/2023</b>\u00a0</a>\u2013 PM \u2013 que \u201cDisp\u00f5e sobre a cria\u00e7\u00e3o de vagas de empregos permanentes de Nutricionista, Orientador Social e T\u00e9cnico em Seguran\u00e7a do Trabalho e a cria\u00e7\u00e3o de vaga de emprego em comiss\u00e3o de Chefe do Museu Hist\u00f3rico e altera\u00e7\u00e3o dos Anexo I, II e IV da Lei Complementar n.\u00ba 419, de 28 de mar\u00e7o de 2023 e d\u00e1 outras provid\u00eancias.\u201d</p>\r\n<p><strong><br /></strong></p>\r\n<p><strong>Todos os projetos foram aprovados por unanimidade</strong>.</p>\r\n<p>Ainda, foram aprovados\u00a0<b>5</b>\u00a0<strong>Requerimentos</strong>,\u00a0<strong>22 Indica\u00e7\u00f5es\u00a0</strong>e\u00a0<strong>1 Mo\u00e7\u00e3o de Congratula\u00e7\u00f5es e Aplausos</strong>.</p>\r\n<p><span>A reuni\u00e3o contou com a presen\u00e7a de todos os vereadores.</span></p>\r\n<p>Assista na \u00edntegra a sess\u00e3o em nossa p\u00e1gina no\u00a0<a class=\"external-link\" href=\"https://www.youtube.com/watch?v=oWnD_lQSJKU\" target=\"_blank\" title=\"\">YouTube</a>.</p>\r\n<p>A <em>50\u00aa Sess\u00e3o Ordin\u00e1ria</em>\u00a0realizar-se-\u00e1 no dia 16 de maio de 2023.</p>\r\n<p>Toda comunidade \u00e9 convidada a acompanhar as sess\u00f5es ao vivo pelo\u00a0<a class=\"external-link\" href=\"https://www.facebook.com/CamaraAdamantina\" target=\"_blank\" title=\"\">facebook</a>,\u00a0bem como pela\u00a0R\u00e1dio Cultura, 99,3 FM, TV Cidade e nosso canal no\u00a0<a class=\"external-link\" href=\"https://www.youtube.com/channel/UCzAAhbjCyaxL-tD4m-Zsd-g\" target=\"_blank\" title=\"\">Youtube</a>.</p>", "author_name": "", "version": "1.0", "author_url": "https://www.adamantina.sp.leg.br/author/adm", "provider_name": "C\u00e2mara Municipal de Adamantina", "type": "rich"}