{"provider_url": "https://www.adamantina.sp.leg.br", "title": "Resumo 49\u00aa Sess\u00e3o Ordin\u00e1ria", "html": "<p style=\"text-align: justify; \">No dia 1\u00ba de abril esta Casa de Leis realizou a 49\u00aa Sess\u00e3o Ordin\u00e1ria.</p>\r\n<p style=\"text-align: justify; \">Conforme Circular n\u00ba 012/19 foi apreciado e votado o projeto abaixo\u00a0<b>EM SEGUNDA DISCUSS\u00c3O E REDA\u00c7\u00c3O FINAL</b>:</p>\r\n<p style=\"text-align: justify; \"><b>Projeto de Lei n\u00ba 015/19</b><span> \u2013 Vereadores Eder do Nascimento Ruete, Alcio Roberto Ikeda J\u00fanior, Ac\u00e1cio Rocha Perez Guerrero e Paulo C\u00e9sar Cervelheira de Oliveira \u2013 que \u201cDisp\u00f5e sobre a obrigatoriedade da empresa concession\u00e1ria de servi\u00e7o p\u00fablico de distribui\u00e7\u00e3o de energia el\u00e9trica e demais empresas ocupantes de sua infraestrutura a se restringir \u00e0 ocupa\u00e7\u00e3o de espa\u00e7o p\u00fablico dentro do que estabelece as normas t\u00e9cnicas aplic\u00e1veis e promover a regulariza\u00e7\u00e3o e a retirada dos fios inutilizados em vias p\u00fablicas.\u201d\u00a0</span></p>\r\n<p style=\"text-align: justify; \"><span>O projeto foi aprovado por unanimidade em Segunda Discuss\u00e3o e Reda\u00e7\u00e3o Final.</span></p>\r\n<p style=\"text-align: justify; \">Ainda, foram apresentados\u00a0<strong>38 Indica\u00e7\u00f5es</strong>,\u00a0<strong>19 Requerimentos</strong> e<b>\u00a04 Mo\u00e7\u00f5es de Congratula\u00e7\u00f5es e Apalusos</b>.</p>\r\n<p style=\"text-align: justify; \">A reuni\u00e3o contou com a presen\u00e7a de todos os vereadores, representantes da imprensa escrita e falada e membros da comunidade.</p>\r\n<p style=\"text-align: justify; \">A pr\u00f3xima Sess\u00e3o Ordin\u00e1ria, 50\u00aa, ser\u00e1 realizada dia 15 abril de 2019 no Plen\u00e1rio Vereador Jos\u00e9 Ikeda.</p>", "author_name": "adt", "version": "1.0", "author_url": "https://www.adamantina.sp.leg.br/author/adt", "provider_name": "C\u00e2mara Municipal de Adamantina", "type": "rich"}