{"provider_url": "https://www.adamantina.sp.leg.br", "title": "Resumo 49\u00aa Sess\u00e3o Extraordin\u00e1ria", "html": "<p style=\"text-align: justify; \">No dia 08 de Maio, esta Casa de Leis realizou a 49\u00aa Sess\u00e3o Extraordin\u00e1ria desta Legislatura.</p>\r\n<p style=\"text-align: justify; \">Conforme <a class=\"external-link\" href=\"https://sapl.adamantina.sp.leg.br/media/sapl/public/materialegislativa/2024/15689/circular_022_-_49aextraordinaria.pdf\" target=\"_blank\" title=\"\">Circular n\u00ba 022/2024</a> foram apreciados e votados\u00a0<span>EM DISCUSS\u00c3O \u00daNICA os projetos como segue:</span></p>\r\n<div class=\"x11i5rnm xat24cr x1mh8g0r x1vvkbs xtlvy1s x126k92a\" style=\"text-align: justify; \">\r\n<div dir=\"auto\"><a class=\"external-link\" href=\"https://sapl.adamantina.sp.leg.br/media/sapl/public/materialegislativa/2024/15672/71a_projeto_de_lei_041_m_041_-_abertura_de_credito_r_500.00000_pab_estadual.pdf\" target=\"_blank\" title=\"\">Projeto de Lei n\u00b0 041/2024</a> - PM - que \"Disp\u00f5e sobre autoriza\u00e7\u00e3o para abertura de cr\u00e9dito adicional suplementar ao Or\u00e7amento da Prefeitura do Munic\u00edpio de Adamantina no valor total de R$ 500.000,00 e d\u00e1 outras provid\u00eancias, recursos do PAB Estadual para <span class=\"html-span xdj266r x11i5rnm xat24cr x1mh8g0r xexx8yu x4uap5 x18d9i69 xkhd6sd x1hl2dhg x16tdsg8 x1vvkbs\"><a tabindex=\"-1\"></a></span>custeio da sa\u00fade do munic\u00edpio.\"</div>\r\n<div dir=\"auto\"></div>\r\n</div>\r\n<div class=\"x11i5rnm xat24cr x1mh8g0r x1vvkbs xtlvy1s x126k92a\" style=\"text-align: justify; \">\r\n<div dir=\"auto\"><a class=\"external-link\" href=\"https://sapl.adamantina.sp.leg.br/media/sapl/public/materialegislativa/2024/15673/71a_projeto_de_lei_042_m_042_-abertura_de_credito_r_339.90921_educacao_-_vaar.pdf\" target=\"_blank\" title=\"\">Projeto de Lei n\u00b0 042/2024</a> - PM - \"Disp\u00f5e sobre autoriza\u00e7\u00e3o para abertura de Cr\u00e9dito especial ao Or\u00e7amento da Prefeitura do Munic\u00edpio de Adamantina no valor total de R$ 339.909,21 e d\u00e1 outras provid\u00eancias, recursos para a Secretaria de Educa\u00e7\u00e3o visando melhor atender os alunos do munic\u00edpio.\"</div>\r\n<div dir=\"auto\"></div>\r\n</div>\r\n<div class=\"x11i5rnm xat24cr x1mh8g0r x1vvkbs xtlvy1s x126k92a\" style=\"text-align: justify; \">\r\n<div dir=\"auto\"><a class=\"external-link\" href=\"https://sapl.adamantina.sp.leg.br/media/sapl/public/materialegislativa/2024/15674/71a_projeto_de_lei_043_m_043_-_abertura_de_credito_especial_r87.00000__sec_esporte_e_lazer.pdf\" target=\"_blank\" title=\"\">Projeto de Lei n\u00b0 043/2024</a> - PM - que \"Disp\u00f5e sobre autoriza\u00e7\u00e3o para abertura de cr\u00e9dito especial ao Or\u00e7amento da Prefeitura do Munic\u00edpio de Adamantina no valor total de R$ 87.000,00 e d\u00e1 outras provid\u00eancias, para a Secretaria Municipal de Esporte, Lazer e Recrea\u00e7\u00e3o.\"</div>\r\n<div dir=\"auto\"></div>\r\n</div>\r\n<div class=\"x11i5rnm xat24cr x1mh8g0r x1vvkbs xtlvy1s x126k92a\" style=\"text-align: justify; \">\r\n<div dir=\"auto\"><a class=\"external-link\" href=\"https://sapl.adamantina.sp.leg.br/media/sapl/public/materialegislativa/2024/15675/71a_projeto_de_lei_044_m_044_-_abertura_de_credito_r_87.47150_saude_teto_mac.pdf\" target=\"_blank\" title=\"\">Projeto de Lei n\u00b0 044/2024</a> - PM - que \"Disp\u00f5e sobre autoriza\u00e7\u00e3o para abertura de cr\u00e9dito adicional suplementar ao Or\u00e7amento da Prefeitura' do Munic\u00edpio de Adamantina no valor total de R$ 87.471,50 e d\u00e1 outras provid\u00eancias, referente aos servi\u00e7os hospitalares Teto Mac.\"</div>\r\n<div dir=\"auto\"></div>\r\n</div>\r\n<div class=\"x11i5rnm xat24cr x1mh8g0r x1vvkbs xtlvy1s x126k92a\" style=\"text-align: justify; \">\r\n<div dir=\"auto\"><a class=\"external-link\" href=\"https://sapl.adamantina.sp.leg.br/media/sapl/public/materialegislativa/2024/15676/71a_projeto_de_lei_045_m_045_-_abertura_de_credito_r_920.00000_-_merenda_estadual_e_federal.pdf\" target=\"_blank\" title=\"\">Projeto de Lei' n\u00ba 045/2024</a>' - PM - que \"Disp\u00f5e sobre autoriza\u00e7\u00e3o para abertura de cr\u00e9dito adicional suplementar ao Or\u00e7amento da Prefeitura do Munic\u00edpio de Adamantina no valor total de R$ 920.000,00 e d\u00e1 outras provid\u00eancias, para - aquisi\u00e7\u00e3o de alimentos a serem servidos rias escolas, visando melhor atender os alunos do munic\u00edpio.\"</div>\r\n<div dir=\"auto\"></div>\r\n</div>\r\n<div class=\"x11i5rnm xat24cr x1mh8g0r x1vvkbs xtlvy1s x126k92a\" style=\"text-align: justify; \">\r\n<div dir=\"auto\"><a class=\"external-link\" href=\"https://sapl.adamantina.sp.leg.br/media/sapl/public/materialegislativa/2024/15677/71a_projeto_de_lei_046_m_046_-_repasse_sta_casa_clinica_n_lar__e_apae_-_sus_paulista.pdf\" target=\"_blank\" title=\"\">Projeto de Lei\u00b7 n\u00ba 046/2024</a> - PM - que \"Disp\u00f5e' sobre autoriza\u00e7\u00e3o para a Prefeitura do Munic\u00edpio de Adamantina abrir cr\u00e9dito adicional suplementar no valor de R$ 4.800.000,00 e repassar \u00e0 Associa\u00e7\u00e3o Lar S\u00e3o Francisco ele Assis na Provid\u00eancia de Deus - Santa Casa de Adamantina, Associa\u00e7\u00e3o de Repouso Nosso Lar de Adamantina e APAE - Associa\u00e7\u00e3o de Pais Amigo do Ex<span>cepcional, recursos Tabela SUS Paulista e d\u00e1 outras provid\u00eancias.\"</span></div>\r\n<div dir=\"auto\"></div>\r\n</div>\r\n<div class=\"x11i5rnm xat24cr x1mh8g0r x1vvkbs xtlvy1s x126k92a\">\r\n<div dir=\"auto\" style=\"text-align: justify; \"><a class=\"external-link\" href=\"https://sapl.adamantina.sp.leg.br/media/sapl/public/materialegislativa/2024/15679/71a_projeto_de_lei_048_m_049_-_abertura_de_credito_especial_unifai_r_2.700.00000.pdf\" target=\"_blank\" title=\"\">Projeto de Lei n\u00b0 048/2024</a> - PM - que \"Disp\u00f5e- sobre autoriza\u00e7\u00e3o para abertura de cr\u00e9dito especial ao Or\u00e7amento da Prefeitura elo Munic\u00edpio de Adamantina no valor total de R$ 2.700.000,00 (dois milh\u00f5es e setecentos mil reais), para pintura e revitaliza\u00e7\u00e3o elos Campus da FAI.\" .</div>\r\n</div>\r\n<div dir=\"auto\" style=\"text-align: justify; \"></div>\r\n<div dir=\"auto\" style=\"text-align: justify; \">Todos os projetos foram aprovados.</div>\r\n<div dir=\"auto\" style=\"text-align: justify; \">\r\n<p>A reuni\u00e3o contou com a presen\u00e7a de todos os vereadores.</p>\r\n<p>Assista na \u00edntegra a sess\u00e3o em nosso canal no <a class=\"external-link\" href=\"https://www.youtube.com/live/LSJbSaXsDlE?si=pLK5SDv8oCkxyXZi\" target=\"_blank\" title=\"\">YouTube</a>.</p>\r\n<p>Toda comunidade \u00e9 convidada a acompanhar as sess\u00f5es ao vivo pelo\u00a0<a class=\"external-link\" href=\"https://www.facebook.com/CamaraAdamantina\" target=\"_blank\" title=\"\">facebook</a>,\u00a0bem como pela\u00a0R\u00e1dio Cultura, 99,3 FM, TV Cidade e nosso canal no\u00a0<a class=\"external-link\" href=\"https://www.youtube.com/@cmatransmissao\" target=\"_blank\" title=\"\">Youtube</a>.</p>\r\n</div>", "author_name": "", "version": "1.0", "author_url": "https://www.adamantina.sp.leg.br/author/adm", "provider_name": "C\u00e2mara Municipal de Adamantina", "type": "rich"}