{"provider_url": "https://www.adamantina.sp.leg.br", "title": "Resumo 48\u00aa Sess\u00e3o Ordin\u00e1ria", "html": "<p style=\"text-align: justify; \">Ontem, 17, esta Casa de Leis realizou a 48\u00aa Sess\u00e3o Ordin\u00e1ria desta Legislatura.</p>\r\n<p style=\"text-align: justify; \">Conforme <a class=\"external-link\" href=\"https://sapl.adamantina.sp.leg.br/media/sapl/public/materialegislativa/2023/14712/48a_ordinaria.pdf\" target=\"_blank\" title=\"\">Circular n\u00ba 017/23</a> foram apreciados e votados os projetos como segue:</p>\r\n<p style=\"text-align: justify; \">\u00a0</p>\r\n<p style=\"text-align: justify; \"><b><span>EM DISCUSS\u00c3O \u00daNICA</span></b><span>\u00a0</span></p>\r\n<p style=\"text-align: justify; \"><a class=\"external-link\" href=\"https://sapl.adamantina.sp.leg.br/media/sapl/public/materialegislativa/2023/14661/47a_projeto_de_lei_024_m_032_-_abertura_de_credito_r_560.00000_-_merenda.pdf\" target=\"_blank\" title=\"\"><b><span>Projeto de Lei n\u00ba 02</span></b><b><span>4/2023</span></b></a> \u2013 PM \u2013 que \u201cDisp\u00f5e sobre autoriza\u00e7\u00e3o para abertura de cr\u00e9dito adicional suplementar ao Or\u00e7amento da Prefeitura do Munic\u00edpio de Adamantina no valor total de R$ 560.000,00 e d\u00e1 outras provid\u00eancias.\u201d</p>\r\n<p style=\"text-align: justify; \"><a class=\"external-link\" href=\"https://sapl.adamantina.sp.leg.br/media/sapl/public/materialegislativa/2023/14662/47a_projeto_de_lei_025_m_033_-_abertura_de_credito_especial_unifai_-_r_480.00000.pdf\" target=\"_blank\" title=\"\"><b><span>Projeto de Lei n\u00ba </span></b><b><span>025/2023</span></b></a> \u2013 PM \u2013 que \u201cDisp\u00f5e sobre autoriza\u00e7\u00e3o para <i>abertura de cr\u00e9dito especial </i>ao Or\u00e7amento da Prefeitura do Munic\u00edpio de Adamantina no valor total de R$ 480.000,00 (quatrocentos e oitenta mil reais).\u201d</p>\r\n<p style=\"text-align: justify; \"><a class=\"external-link\" href=\"https://sapl.adamantina.sp.leg.br/media/sapl/public/materialegislativa/2023/14663/47a_projeto_de_lei_026_m_034_-_autoriza_celebrar_convenio_com_a_ceeteps.pdf\" target=\"_blank\" title=\"\"><b><span>Projeto de Lei n\u00ba </span></b><b><span>026/2023</span></b></a> \u2013 PM \u2013 que \u201cAutoriza o Poder Executivo a celebrar conv\u00eanio com o Centro Estadual de Educa\u00e7\u00e3o Tecnol\u00f3gica Paula Souza \u2013 CEETEPS.\u201d</p>\r\n<p style=\"text-align: justify; \"><a class=\"external-link\" href=\"https://sapl.adamantina.sp.leg.br/media/sapl/public/materialegislativa/2023/14664/47a_projeto_de_lei_027_m_036_-_abertura_de_credito_r_415.95699_-_devolucao_ipva.pdf\" target=\"_blank\" title=\"\"><b><span>Projeto de Lei n\u00ba 0</span></b><b><span>27/2023</span></b></a> \u2013 PM \u2013 que \u201cDisp\u00f5e sobre autoriza\u00e7\u00e3o para <i>abertura de cr\u00e9dito adicional suplementar </i>ao Or\u00e7amento da Prefeitura do Munic\u00edpio de Adamantina no valor total de R$ 415.956,99 e d\u00e1 outras provid\u00eancias.\u201d</p>\r\n<p style=\"text-align: justify; \"><a class=\"external-link\" href=\"https://sapl.adamantina.sp.leg.br/media/sapl/public/materialegislativa/2023/14665/47a_projeto_de_lei_028_m_038_-__auxilio_atiradores.pdf\" target=\"_blank\" title=\"\"><b><span>Projeto de Lei n\u00ba 02</span></b><b><span>8/2023</span></b></a> \u2013 PM \u2013 que \u201cInstitui o Programa Bolsa Atirador aos atiradores do Tiro de Guerra 02-080, sediado no munic\u00edpio de Adamantina e d\u00e1 outras provid\u00eancias.\u201d</p>\r\n<p style=\"text-align: justify; \"><b><span><a class=\"external-link\" href=\"https://sapl.adamantina.sp.leg.br/media/sapl/public/materialegislativa/2023/14666/47a_projeto_de_lei_029_m_039_-_abertura_de_credito_r_760.00000_atencao_basica_pab_fixo.pdf\" target=\"_blank\" title=\"\">Projeto de Lei n\u00ba 029/2023</a></span></b> \u2013 PM \u2013 que \u201cDisp\u00f5e sobre autoriza\u00e7\u00e3o para abertura de cr\u00e9dito adicional suplementar ao or\u00e7amento da Prefeitura do Munic\u00edpio de Adamantina no valor de R$ 760.000,00.\u201d</p>\r\n<p style=\"text-align: justify; \"><b><span><a class=\"external-link\" href=\"https://sapl.adamantina.sp.leg.br/media/sapl/public/materialegislativa/2023/14667/47a_projeto_de_lei_030_m_040_-_abertura_de_credito_r_1.000.00000_atencao_basica_estadual.pdf\" target=\"_blank\" title=\"\">Projeto de Lei n\u00ba 030/2023</a></span></b> \u2013 PM \u2013 que \u201cDisp\u00f5e sobre autoriza\u00e7\u00e3o para abertura de cr\u00e9dito adicional suplementar ao or\u00e7amento da Prefeitura do Munic\u00edpio de Adamantina no valor de R$ 1.000.000,00.\u201d</p>\r\n<p style=\"text-align: justify; \"><b><span><a class=\"external-link\" href=\"https://sapl.adamantina.sp.leg.br/media/sapl/public/materialegislativa/2023/14670/47a_projeto_de_lei_complementar_014_m_035_-_autoriza_receber_em_doacao_imovel_der_-_pq_do_sol.pdf\" target=\"_blank\" title=\"\">Projeto de Lei Complementar n\u00ba 014/2023</a></span></b> \u2013 PM \u2013 que \u201cAutoriza o Poder Executivo Municipal a receber, por instrumento de doa\u00e7\u00e3o do Departamento de Estradas de Rodagem do Estado de S\u00e3o Paulo, im\u00f3vel que especifica e d\u00e1 outras provid\u00eancias.\u201d</p>\r\n<p style=\"text-align: justify; \">\u00a0</p>\r\n<p style=\"text-align: justify; \"><b><span>EM PRIMEIRA DISCUSS\u00c3O</span></b></p>\r\n<p style=\"text-align: justify; \"><b><a class=\"external-link\" href=\"https://sapl.adamantina.sp.leg.br/media/sapl/public/materialegislativa/2023/14668/47a_projeto_de_lei_031_-_presenca_de_profissionais_doulas_durante_o_parto_nas_maternidades_e_hospitais.pdf\" target=\"_blank\" title=\"\">Projeto de Lei n\u00ba 031/2023</a></b><span> \u2013 Vereadores Alcio Roberto Ikeda J\u00fanior e Paulo C\u00e9sar Cervelheira de Oliveira - que \u201cDisp\u00f5e sobre a presen\u00e7a de profissionais Doulas durante o parto nas maternidades e hospitais do munic\u00edpio de Adamantina e d\u00e1 outras provid\u00eancias.\u201d</span></p>\r\n<p style=\"text-align: justify; \"><b><span><a class=\"external-link\" href=\"https://sapl.adamantina.sp.leg.br/media/sapl/public/materialegislativa/2023/14672/47a_projeto_de_lei_complementar_016_m_041_-_criacao_emprego_permanente_nutricionista_orientador_social_chefe_museu_e_tec_seg_trabalho.pdf\" target=\"_blank\" title=\"\">Projeto de Lei Complementar n\u00ba 016/2023</a></span></b> \u2013 PM \u2013 que \u201cDisp\u00f5e sobre a cria\u00e7\u00e3o de vagas de empregos permanentes de Nutricionista, Orientador Social e T\u00e9cnico em Seguran\u00e7a do Trabalho e a cria\u00e7\u00e3o de vaga de emprego em comiss\u00e3o de Chefe do Museu Hist\u00f3rico e altera\u00e7\u00e3o dos Anexo I, II e IV da Lei Complementar n.\u00ba 419, de 28 de mar\u00e7o de 2023 e d\u00e1 outras provid\u00eancias.\u201d</p>\r\n<p style=\"text-align: justify; \"><span><br /></span></p>\r\n<p style=\"text-align: justify; \"><span>Todos os projetos foram\u00a0</span><strong>aprovados</strong><span>\u00a0conforme as respectivas discuss\u00f5es.</span></p>\r\n<p>Ainda, foram apresentados <strong>18</strong><strong>\u00a0Requerimentos</strong>, <strong>22</strong><strong>\u00a0Indica\u00e7\u00f5es\u00a0</strong>e\u00a0<strong>1 Mo\u00e7\u00e3o de Congratula\u00e7\u00f5es Aplausos</strong>.</p>\r\n<p>A reuni\u00e3o contou com a presen\u00e7a de todos os vereadores.</p>\r\n<p>Assista na \u00edntegra a sess\u00e3o em nossa p\u00e1gina no\u00a0<a class=\"external-link\" href=\"https://www.youtube.com/watch?v=oybGhh5xV5g\" target=\"_blank\" title=\"\">YouTube</a>.</p>\r\n<p>A\u00a0<em>49\u00aa Sess\u00e3o Ordin\u00e1ria</em>\u00a0realizar-se-\u00e1 no dia 02 de maio de 2023.</p>\r\n<p>Toda comunidade \u00e9 convidada a acompanhar as sess\u00f5es ao vivo pelo\u00a0<a class=\"external-link\" href=\"https://www.facebook.com/CamaraAdamantina\" target=\"_blank\" title=\"\">facebook</a>,\u00a0bem como pela\u00a0R\u00e1dio Cultura, 99,3 FM, TV Cidade e nosso canal no\u00a0<a class=\"external-link\" href=\"https://www.youtube.com/channel/UCzAAhbjCyaxL-tD4m-Zsd-g\" target=\"_blank\" title=\"\">Youtube</a>.</p>", "author_name": "", "version": "1.0", "author_url": "https://www.adamantina.sp.leg.br/author/adm", "provider_name": "C\u00e2mara Municipal de Adamantina", "type": "rich"}