{"provider_url": "https://www.adamantina.sp.leg.br", "title": "Resumo 48\u00aa Sess\u00e3o Ordin\u00e1ria", "html": "<p style=\"text-align: justify; \">Ontem, 18, esta Casa de Leis realizou a 48\u00aa Sess\u00e3o Ordin\u00e1ria desta Legislatura.</p>\r\n<p style=\"text-align: justify; \">Foram apresentadas\u00a0<strong>7 Indica\u00e7\u00f5es</strong>, solicitando melhorias ao munic\u00edpio e <b>9 Requerimentos</b>, solicitando, em sua maioria, recursos financeiros para nossa cidade.</p>\r\n<p style=\"text-align: justify; \">Ainda, foram apreciados e votados, conforme Circular 008/19, os projetos como segue:</p>\r\n<p style=\"text-align: justify; \"><b><span>EM SEGUNDA DISCUSS\u00c3O E REDA\u00c7\u00c3O FINAL</span></b></p>\r\n<p style=\"text-align: justify; \"><b>Projeto de Lei n\u00ba 013/19</b><span> \u2013 PM \u2013 que \u201cDisp\u00f5e sobre a desafeta\u00e7\u00e3o da quadra 36 do loteamento denominado Vila Jamil de Lima.\u201d<strong>(APROVADO POR UNANIMIDADE)</strong></span></p>\r\n<p style=\"text-align: justify; \"><b><span>Projeto de Lei Complementar n\u00ba 001/19</span></b> \u2013 PM \u2013 que \u201cDisp\u00f5e sobre autoriza\u00e7\u00e3o para o Chefe do Poder Executivo alienar, por doa\u00e7\u00e3o \u00e0 empresa A. A. Garozi de Souza ME, inscrita no CNPJ n\u00ba 06.153.277/0001-30 o im\u00f3vel que especifica.\u201d\u00a0<strong>(APROVADO POR UNANIMIDADE)</strong></p>\r\n<p style=\"text-align: justify; \"><b>EM DISCUSS\u00c3O \u00daNICA</b></p>\r\n<p style=\"text-align: justify; \"><b>Projeto de Lei n\u00ba 017/19</b><span> - PM \u2013 que \u201cAutoriza o Poder Executivo Municipal a celebrar Acordo com a empresa Energisa Sul-Sudeste Distribuidora de Energia S.A. para o Programa de Efici\u00eancia Energ\u00e9tica e d\u00e1 outras provid\u00eancias.\u201d\u00a0<strong>(APROVADO POR UNANIMIDADE)</strong></span></p>\r\n<p style=\"text-align: justify; \"><b>EM PRIMEIRA DISCUSS\u00c3O</b></p>\r\n<p style=\"text-align: justify; \"><b>Projeto de Lei n\u00ba 015/19</b><span> \u2013 Veredores Eder do Nascimento Ruete, Alcio Roberto Ikeda J\u00fanior, Ac\u00e1cio Rocha Perez Guerrero e Paulo C\u00e9sar Cervelheira de Oliveira \u2013 que \u201cDisp\u00f5e sobre a obrigatoriedade da empresa concession\u00e1ria de servi\u00e7o p\u00fablico de distribui\u00e7\u00e3o de energia el\u00e9trica e demais empresas ocupantes de sua infraestrutura a se restringir \u00e0 ocupa\u00e7\u00e3o de espa\u00e7o p\u00fablico dentro do que estabelece as normas t\u00e9cnicas aplic\u00e1veis e promover a regulariza\u00e7\u00e3o e a retirada dos fios inutilizados em vias p\u00fablicas.\u201d\u00a0<strong>(APROVADO POR UNANIMIDADE)</strong></span></p>\r\n<p style=\"text-align: justify; \">Estiveram presentes na reuni\u00e3o todos os vereadores, representantes da imprensa escrita e falada e membros da comunidade.</p>\r\n<p style=\"text-align: justify; \">A pr\u00f3xima Sess\u00e3o Ordin\u00e1ria, (49\u00aa), ser\u00e1 realizada dia 1\u00ba de Abril, no Plen\u00e1rio Vereador Jos\u00e9 Ikeda. Toda comunidade \u00e9 convidada a participar.</p>\r\n<p style=\"text-align: justify; \">\u00a0</p>\r\n<p>\u00a0</p>", "author_name": "adt", "version": "1.0", "author_url": "https://www.adamantina.sp.leg.br/author/adt", "provider_name": "C\u00e2mara Municipal de Adamantina", "type": "rich"}