{"provider_url": "https://www.adamantina.sp.leg.br", "title": "Resumo 48\u00aa Sess\u00e3o Extraordin\u00e1ria", "html": "<p style=\"text-align: justify; \">No dia 18 de abril, a C\u00e2mara Municipal de Adamantina realizou a 48\u00aa Sess\u00e3o Extraordin\u00e1ria.</p>\r\n<p style=\"text-align: justify; \">Conforme <a class=\"external-link\" href=\"https://sapl.adamantina.sp.leg.br/media/sapl/public/materialegislativa/2024/15651/circular_019_-_48a_sessao_extraordinaria.pdf\" target=\"_blank\" title=\"\">Circular n\u00ba 019/2024</a> foram apreciados e votados,\u00a0<b>EM DISCUSS\u00c3O \u00daNICA</b>, os projetos abaixo:<span>\u00a0</span></p>\r\n<p style=\"text-align: justify; \"><b><span><a class=\"external-link\" href=\"https://sapl.adamantina.sp.leg.br/media/sapl/public/materialegislativa/2024/15645/70a_projeto_de_lei_028_m_030_-_repasse_santa_casa_apae_e_nosso_lar_-_sus_paulista.pdf\" target=\"_blank\" title=\"\">Projeto de Lei n\u00ba 028/2024</a></span></b> \u2013 PM \u2013 que \u201cDisp\u00f5e sobre autoriza\u00e7\u00e3o para a Prefeitura do Munic\u00edpio de Adamantina abrir cr\u00e9dito adicional suplementar e repassar \u00e0 Associa\u00e7\u00e3o Lar S\u00e3o Francisco de Assis na Provid\u00eancia de Deus \u2013 Santa Casa de Adamantina, Associa\u00e7\u00e3o de Repouso Nosso Lar e Apae \u2013 Associa\u00e7\u00e3o de Pais Amigo do Excepcional, recursos Tabela SUS Paulista e d\u00e1 outras provid\u00eancias.\u201d</p>\r\n<p style=\"text-align: justify; \"><b><span><a class=\"external-link\" href=\"https://sapl.adamantina.sp.leg.br/media/sapl/public/materialegislativa/2024/15647/70a_projeto_de_lei_030_m_031_-_abertura_de_credito_r_360.00000_-_assistencia.pdf\" target=\"_blank\" title=\"\">Projeto de Lei n\u00ba 030/2024</a></span></b> \u2013 PM \u2013 que \u201cDisp\u00f5e sobre autoriza\u00e7\u00e3o para <i>abertura de cr\u00e9dito adicional suplementar </i>ao Or\u00e7amento da Prefeitura do Munic\u00edpio de Adamantina para a Secretaria Municipal de Assist\u00eancia Social no valor total de R$ 360.000,00 e d\u00e1 outras provid\u00eancias.\u201d</p>\r\n<p style=\"text-align: justify; \"><b><span><a class=\"external-link\" href=\"https://sapl.adamantina.sp.leg.br/media/sapl/public/materialegislativa/2024/15652/70a_projeto_de_lei_031_m_032_-_abertuar_decredito_r_290.00000_-_benfeitorias_no_pq_dos_pioneiros.pdf\" target=\"_blank\" title=\"\">Projeto de Lei n\u00ba 031/2024</a></span></b> \u2013 PM \u2013 que \u201cDisp\u00f5e sobre autoriza\u00e7\u00e3o para <i>abertura de cr\u00e9dito adicional suplementar </i>ao Or\u00e7amento da Prefeitura do Munic\u00edpio de Adamantina no valor total de R$ 290.000,00 e d\u00e1 outras provid\u00eancias, para benfeitorias no Parque dos Pioneiros.\u201d</p>\r\n<p style=\"text-align: justify; \"><a class=\"external-link\" href=\"https://sapl.adamantina.sp.leg.br/media/sapl/public/materialegislativa/2024/15653/70a_projeto_de_lei_032_m_033_-_abertura_de_credito_r_344.00000-_iluminacao_do_b_lagoa_seca_certo.pdf\" target=\"_blank\" title=\"\"><b><span>Projeto de Lei n\u00ba 032/2024</span></b> </a>\u2013 PM \u2013 que \u201cDisp\u00f5e sobre autoriza\u00e7\u00e3o para <i>abertura de cr\u00e9dito adicional suplementar </i>ao Or\u00e7amento da Prefeitura do Munic\u00edpio de Adamantina no valor total de R$ 344.000,00 e d\u00e1 outras provid\u00eancias, para ilumina\u00e7\u00e3o do Bairro Lagoa Seca.\u201d</p>\r\n<p style=\"text-align: justify; \"><a class=\"external-link\" href=\"https://sapl.adamantina.sp.leg.br/media/sapl/public/materialegislativa/2024/15654/projeto_de_lei_033_m_034_-_abertura_de_credito_r_190.70000_-_recape_rua_noel_rosa.pdf\" target=\"_blank\" title=\"\"><b><span>Projeto de Lei n\u00ba 033/2024</span></b> </a>\u2013 PM \u2013 que \u201cDisp\u00f5e sobre autoriza\u00e7\u00e3o para <i>abertura de cr\u00e9dito adicional suplementar </i>ao Or\u00e7amento da Prefeitura do Munic\u00edpio de Adamantina no valor total de R$ 190.700,00 e d\u00e1 outras provid\u00eancias, para recapeamento da Rua Noel Rosa.\u201d</p>\r\n<p style=\"text-align: justify; \"><b><span><a class=\"external-link\" href=\"https://sapl.adamantina.sp.leg.br/media/sapl/public/materialegislativa/2024/15655/24_msg_035_-_abertura_de_credito_r_226.00000_educacao.pdf\" target=\"_blank\" title=\"\">Projeto de Lei n\u00ba 034/2024</a></span></b> \u2013 PM \u2013 que \u201cDisp\u00f5e sobre autoriza\u00e7\u00e3o para <i>abertura de cr\u00e9dito adicional suplementar </i>ao Or\u00e7amento da Prefeitura do Munic\u00edpio de Adamantina no valor total de R$ 226.000,00 e d\u00e1 outras provid\u00eancias, para aquisi\u00e7\u00e3o de material permanente para as salas que est\u00e3o sendo ampliadas nas escolas.\u201d</p>\r\n<p style=\"text-align: justify; \"><b><span><a class=\"external-link\" href=\"https://sapl.adamantina.sp.leg.br/media/sapl/public/materialegislativa/2024/15656/70a_projeto_de_lei_035_m_036_-_abertura_de_credito_r_170.00000_-__sec._de_cultura_e_turismo_-_museu_historico.pdf\" target=\"_blank\" title=\"\">Projeto de Lei n\u00ba 035/2024</a></span></b> \u2013 PM \u2013 que \u201cDisp\u00f5e sobre autoriza\u00e7\u00e3o para <i>abertura de cr\u00e9dito adicional suplementar </i>ao Or\u00e7amento da Prefeitura do Munic\u00edpio de Adamantina no valor total de R$ 170.000,00 e d\u00e1 outras provid\u00eancias, para uso da Secretaria Municipal de Cultura e Turismo.\u201d</p>\r\n<p style=\"text-align: justify; \"><b><span><a class=\"external-link\" href=\"https://sapl.adamantina.sp.leg.br/media/sapl/public/materialegislativa/2024/15657/70a_projeto_de_lei_036_m_037_-_abertura_de_credito_r90.00000_fundo_idoso_-ir_do_bem.pdf\" target=\"_blank\" title=\"\">Projeto de Lei n\u00ba 036/2024</a></span></b> \u2013 PM \u2013 que \u201cDisp\u00f5e sobre autoriza\u00e7\u00e3o para <i>abertura de cr\u00e9dito adicional suplementar </i>ao Or\u00e7amento da Prefeitura do Munic\u00edpio de Adamantina no valor total de R$ 90.000,00 e d\u00e1 outras provid\u00eancias (Imposto de Renda do Bem).\u201d</p>\r\n<p style=\"text-align: justify; \"><b><span><a class=\"external-link\" href=\"https://sapl.adamantina.sp.leg.br/media/sapl/public/materialegislativa/2024/15660/70a_projeto_de_lei_039_m_040_-_revisao_plano_diretor_de_turismo_2024.pdf\" target=\"_blank\" title=\"\">Projeto de Lei n\u00ba 039/2024</a></span></b> \u2013 PM \u2013 que \u201cDisp\u00f5e sobre a aprova\u00e7\u00e3o da revis\u00e3o do Plano Diretor de Turismo de Adamantina e d\u00e1 outras providencias.\u201d</p>\r\n<p style=\"text-align: justify; \">Todos os projetos foram aprovados.</p>\r\n<p>A reuni\u00e3o contou com a presen\u00e7a de todos os vereadores.</p>\r\n<p>Assista na \u00edntegra a sess\u00e3o em nosso canal no <a class=\"external-link\" href=\"https://www.youtube.com/live/lSYWz6ugYhI?si=v3rth11Kl-0DptJE\" target=\"_blank\" title=\"\">Youtube</a>.</p>\r\n<p>Toda comunidade \u00e9 convidada a acompanhar as sess\u00f5es ao vivo pelo\u00a0<a class=\"external-link\" href=\"https://www.facebook.com/CamaraAdamantina\" target=\"_blank\" title=\"\">facebook</a>,\u00a0bem como pela\u00a0R\u00e1dio Cultura, 99,3 FM, TV Cidade e nosso canal no\u00a0<a class=\"external-link\" href=\"https://www.youtube.com/@cmatransmissao\" target=\"_blank\" title=\"\">Youtube</a>.</p>", "author_name": "", "version": "1.0", "author_url": "https://www.adamantina.sp.leg.br/author/adm", "provider_name": "C\u00e2mara Municipal de Adamantina", "type": "rich"}