{"provider_url": "https://www.adamantina.sp.leg.br", "title": "Resumo 47\u00aa Sess\u00e3o Ordin\u00e1ria", "html": "<p style=\"text-align: justify; \">Na \u00faltima segunda-feira, 03, a C\u00e2mara Municipal de Adamantina realizou a 47\u00aa Sess\u00e3o Ordin\u00e1ria desta Legislatura.</p>\r\n<p style=\"text-align: justify; \">Conforme <a class=\"external-link\" href=\"https://sapl.adamantina.sp.leg.br/media/sapl/public/materialegislativa/2023/14660/47a_sessao_ordinaria.pdf\" target=\"_blank\" title=\"\">Circular n\u00ba 014/2023</a> foram apreciados e votados os projetos como segue:</p>\r\n<p style=\"text-align: center; \"><b><span>EM DISCUSS\u00c3O \u00daNICA</span></b></p>\r\n<p>\u00a0</p>\r\n<p><b><span><a class=\"external-link\" href=\"https://sapl.adamantina.sp.leg.br/media/sapl/public/materialegislativa/2023/14619/46a_projeto_de_lei_020_-_denominacao_predio_e_plenario_da_camara_municipal.pdf\" target=\"_blank\" title=\"\">Projeto de Lei n\u00ba 020/2023</a></span></b> \u2013 Vereadores Paulo C\u00e9sar Cervelheira de Oliveira e Aguinaldo Pires Galv\u00e3o \u2013 que \u201cDisp\u00f5e sobre a denomina\u00e7\u00e3o do novo pr\u00e9dio e do Plen\u00e1rio da C\u00e2mara Municipal de Adamantina e d\u00e1 outras provid\u00eancias.\u201d</p>\r\n<p>\u00a0</p>\r\n<p><b><span><a class=\"external-link\" href=\"https://sapl.adamantina.sp.leg.br/media/sapl/public/materialegislativa/2023/14623/46a_projeto_de_lei_complementar_009_m_023-__alienacao_de_imovel_por_investidura_-_paulo_sergio_andrade__-_q_e_lote_16.pdf\" target=\"_blank\" title=\"\">Projeto de Lei Complementar n\u00ba 009/2023</a></span></b> \u2013 PM \u2013 que \u201cDisp\u00f5e sobre a autoriza\u00e7\u00e3o para o Poder Executivo alienar bem im\u00f3vel, pelo instituto da investidura, conforme especifica e d\u00e1 outras provid\u00eancias.\u201d</p>\r\n<p>\u00a0</p>\r\n<p><b><span><a class=\"external-link\" href=\"https://sapl.adamantina.sp.leg.br/media/sapl/public/materialegislativa/2023/14624/46a_projeto_de_lei_complementar_010_m_024_-_alienacao_de_imovel_por_investidura_-_anexo_-_lucinalva_ap._fukushima_fagundes_-_q_f_-_lote_01.pdf\" target=\"_blank\" title=\"\">Projeto de Lei Complementar n\u00ba 010/2023</a></span></b> \u2013 PM \u2013 que \u201cDisp\u00f5e sobre a autoriza\u00e7\u00e3o para o Poder Executivo alienar bem im\u00f3vel, pelo instituto da investidura, conforme especifica e d\u00e1 outras provid\u00eancias.\u201d</p>\r\n<p>\u00a0</p>\r\n<p><a class=\"external-link\" href=\"https://sapl.adamantina.sp.leg.br/media/sapl/public/materialegislativa/2023/14625/46a_projeto_de_lei_complementar_011_m_025_-_alienacao_de_imovel_por_investidura_-_aparecida_dos_santos_-_q_07_-_lote_22.pdf\" target=\"_blank\" title=\"\"><b><span>Projeto de Lei Complementar n\u00ba 011/2023</span></b> </a>\u2013 PM \u2013 que \u201cDisp\u00f5e sobre a autoriza\u00e7\u00e3o para o Poder Executivo alienar bem im\u00f3vel, pelo instituto da investidura, conforme especifica e d\u00e1 outras provid\u00eancias\u201d.</p>\r\n<p>\u00a0</p>\r\n<p><b><span><a class=\"external-link\" href=\"https://sapl.adamantina.sp.leg.br/media/sapl/public/materialegislativa/2023/14626/46a_projeto_de_lei_complementar_012_m_026_-__anexo_-_alienacao_de_imovel_por_investidura_-_joao_eduardo_barbosa_pacheco__-_q_3_lote__1.pdf\" target=\"_blank\" title=\"\">Projeto de Lei Complementar n\u00ba 012/2023</a></span></b> \u2013 PM \u2013 que \u201cDisp\u00f5e sobre a autoriza\u00e7\u00e3o para o Poder Executivo alienar bem im\u00f3vel, pelo instituto da investidura, conforme especifica e d\u00e1 outras provid\u00eancias.\u201d</p>\r\n<p>\u00a0</p>\r\n<p>Todos os projetos foram <strong>aprovados</strong> em Discuss\u00e3o \u00danica.</p>\r\n<p>Ainda, foram apresentados 4<strong>\u00a0Requerimentos</strong>, 28<strong>\u00a0Indica\u00e7\u00f5es\u00a0</strong>e\u00a0<strong>1 Mo\u00e7\u00e3o de Congratula\u00e7\u00f5es Aplausos</strong>.</p>\r\n<p>A reuni\u00e3o contou com a presen\u00e7a de todos os vereadores.</p>\r\n<p>Assista na \u00edntegra a sess\u00e3o em nossa p\u00e1gina no\u00a0<a class=\"external-link\" href=\"https://www.youtube.com/watch?v=sl1JGUEyblw&amp;t=2s\" target=\"_blank\" title=\"\">YouTube</a>.</p>\r\n<p>A <em>48\u00aa Sess\u00e3o Ordin\u00e1ria</em> realizar-se-\u00e1 no dia 17 de abril de 2023.</p>\r\n<p>Toda comunidade \u00e9 convidada a acompanhar as sess\u00f5es ao vivo pelo\u00a0<a class=\"external-link\" href=\"https://www.facebook.com/CamaraAdamantina\" target=\"_blank\" title=\"\">facebook</a>,\u00a0bem como pela\u00a0R\u00e1dio Cultura, 99,3 FM, TV Cidade e nosso canal no\u00a0<a class=\"external-link\" href=\"https://www.youtube.com/channel/UCzAAhbjCyaxL-tD4m-Zsd-g\" target=\"_blank\" title=\"\">Youtube</a>.</p>", "author_name": "", "version": "1.0", "author_url": "https://www.adamantina.sp.leg.br/author/adm", "provider_name": "C\u00e2mara Municipal de Adamantina", "type": "rich"}