{"provider_url": "https://www.adamantina.sp.leg.br", "title": "Resumo 47\u00aa Sess\u00e3o Ordin\u00e1ria", "html": "<p style=\"text-align: justify; \">No dia 11 de mar\u00e7o, esta Casa de Leis realizou a 47\u00aa Sess\u00e3o Ordin\u00e1ria.</p>\r\n<p style=\"text-align: justify; \">Foram apreciados e votados\u00a0<strong>26 Requerimentos</strong>,\u00a0<strong>35 Indica\u00e7\u00f5es</strong>, e\u00a0<strong>1 Mo\u00e7\u00e3o de Congratula\u00e7\u00f5es e Aplausos</strong>.</p>\r\n<p style=\"text-align: justify; \">Ainda foram apresentados na Ordem do Dia, conforme Circular 006/19, os projetos abaixo:</p>\r\n<p style=\"text-align: center; \"><b><span>********** EM SEGUNDA DISCUSS\u00c3O E REDA\u00c7\u00c3O FINAL **********</span></b></p>\r\n<p style=\"text-align: justify; \"><b>Projeto de Lei n\u00ba 009/19</b><span> \u2013 Vereadores Ac\u00e1cio Rocha Perez Guerrero, Alcio Roberto Ikeda J\u00fanior, Eder do Nascimento Ruete e Maria de Lourdes Santos Gil \u2013 que \u201cDeclara de utilidade p\u00fablica municipal o N\u00facleo de Apoio \u00e0 Vida de Adamantina \u2013 NAVIDAD e d\u00e1 outras provid\u00eancias.\u201d\u00a0<strong>(APROVADO POR UNANIMIDADE)</strong></span></p>\r\n<p style=\"text-align: justify; \"><b><br /></b></p>\r\n<p style=\"text-align: center; \"><b>********** EM DISCUSS\u00c3O \u00daNICA **********</b></p>\r\n<p style=\"text-align: justify; \"><b>Projeto de Lei n\u00ba 012/19</b><span> - PM \u2013 que \u201cDisp\u00f5e sobre autoriza\u00e7\u00e3o para a Prefeitura do Munic\u00edpio de Adamantina realizar a abertura de cr\u00e9dito adicional especial e repassar \u00e0 ACE \u2013 Associa\u00e7\u00e3o Comercial e Empresarial de Adamantina, recursos financeiros e d\u00e1 outras provid\u00eancias.\u201d<span>\u00a0</span><strong>(APROVADO POR UNANIMIDADE)</strong></span></p>\r\n<p style=\"text-align: justify; \"><b><span>Projeto de Lei n\u00ba 014/19</span></b> \u2013 PM \u2013 que \u201cDisp\u00f5e sobre autoriza\u00e7\u00e3o para abertura de cr\u00e9dito adicional especial ao Or\u00e7amento da Prefeitura do Munic\u00edpio de Adamantina no valor total de R$ 30.000,00 (trinta mil reais) e d\u00e1 outras provid\u00eancias.<strong><span>\u00a0</span><strong>(APROVADO POR UNANIMIDADE)</strong></strong></p>\r\n<p style=\"text-align: justify; \">\u00a0</p>\r\n<p style=\"text-align: center; \"><b>********** EM PRIMEIRA DISCUSS\u00c3O **********</b></p>\r\n<p style=\"text-align: justify; \"><b>Projeto de Lei n\u00ba 013/19</b><span> \u2013 PM \u2013 que \u201cDisp\u00f5e sobre a desafeta\u00e7\u00e3o da quadra 36 do loteamento denominado Vila Jamil de Lima.\u201d<span>\u00a0</span><strong>(APROVADO POR UNANIMIDADE)</strong></span></p>\r\n<p style=\"text-align: justify; \"><b><span>Projeto de Lei Complementar n\u00ba 001/19</span></b> \u2013 PM \u2013 que \u201cDisp\u00f5e sobre autoriza\u00e7\u00e3o para o Chefe do Poder Executivo alienar, por doa\u00e7\u00e3o \u00e0 empresa A. A. Garozi de Souza ME, inscrita no CNPJ n\u00ba 06.153.277/0001-30 o im\u00f3vel que especifica.\u201d<span>\u00a0</span><strong>(APROVADO POR UNANIMIDADE)</strong></p>\r\n<p style=\"text-align: justify; \"><b><span>Projeto de Lei n\u00ba 056/18</span></b> \u2013 Vereador Ac\u00e1cio Rocha Perez Guerrero \u2013 que \u201cDisp\u00f5e sobre a proibi\u00e7\u00e3o de queima, soltura e manuseio de fogos de artif\u00edcio e artefatos pirot\u00e9cnicos que causem polui\u00e7\u00e3o sonora acima de 65 decib\u00e9is no munic\u00edpio de Adamantina e d\u00e1 outras provid\u00eancias\u201d\u00a0<strong>(REJEITADO POR 6 VOTOS CONTRA 2)</strong></p>\r\n<p style=\"text-align: justify; \">Estiveram presentes na reuni\u00e3o todos os vereadores, representantes da imprensa escrita e falada, bem como membros da comunidade.</p>\r\n<p style=\"text-align: justify; \">A pr\u00f3xima sess\u00e3o ser\u00e1 realizada dia 18 de Mar\u00e7o no Plen\u00e1rio Vereador Jos\u00e9 Ikeda. Toda comunidade \u00e9 convidada a assistir.</p>", "author_name": "adt", "version": "1.0", "author_url": "https://www.adamantina.sp.leg.br/author/adt", "provider_name": "C\u00e2mara Municipal de Adamantina", "type": "rich"}