{"provider_url": "https://www.adamantina.sp.leg.br", "title": "Resumo 47\u00aa Sess\u00e3o Extraordin\u00e1ria", "html": "<p>No dia 22 de mar\u00e7o a C\u00e2mara Municipal realizou a 47\u00aa Sess\u00e3o Extraordin\u00e1ria desta Legislatura.</p>\r\n<p>Conforma <a class=\"external-link\" href=\"https://sapl.adamantina.sp.leg.br/media/sapl/public/materialegislativa/2024/15575/circular_013_-_47a_extra.pdf\" target=\"_blank\" title=\"\">Circular n\u00ba 013/2024 </a>foi apreciado e votado,\u00a0<b>EM SEGUNDA DISCUSS\u00c3O E REDA\u00c7\u00c3O FINAL</b>,\u00a0<strong></strong>o<strong>\u00a0</strong><b><a class=\"external-link\" href=\"https://sapl.adamantina.sp.leg.br/media/sapl/public/materialegislativa/2024/15565/68a_projeto_de_lei_complementar_003_-_revisao_camara.pdf\" target=\"_blank\" title=\"\">Projeto de Lei Complementar n\u00ba 003/2024</a></b>, de autoria da Mesa da C\u00e2mara,<span>\u00a0que \u201cDisp\u00f5e sobre a revis\u00e3o e aumento real sobre os vencimentos, sal\u00e1rios, proventos e pens\u00f5es dos servidores p\u00fablicos ativos, inativos e pensionistas da C\u00e2mara Municipal de Adamantina e d\u00e1 outras provid\u00eancias.\u201d O projeto foi aprovado por unanimidade.</span></p>\r\n<p>A reuni\u00e3o contou com a presen\u00e7a de todos os vereadores.</p>\r\n<p><span>Assista na \u00edntegra a sess\u00e3o em nossa P\u00e1gina no\u00a0</span><a class=\"external-link\" href=\"https://www.facebook.com/CamaraAdamantina/videos/1450188459211281/\" target=\"_blank\" title=\"\">Facebook</a><span>.</span></p>\r\n<p>Toda comunidade \u00e9 convidada a acompanhar as sess\u00f5es ao vivo pelo\u00a0<a class=\"external-link\" href=\"https://www.facebook.com/CamaraAdamantina\" target=\"_blank\" title=\"\">facebook</a>,\u00a0bem como pela\u00a0R\u00e1dio Cultura, 99,3 FM, TV Cidade e nosso canal no\u00a0<a class=\"external-link\" href=\"https://www.youtube.com/@cmatransmissao\" target=\"_blank\" title=\"\">Youtube</a>.</p>\r\n<p><span><br /></span></p>", "author_name": "", "version": "1.0", "author_url": "https://www.adamantina.sp.leg.br/author/adm", "provider_name": "C\u00e2mara Municipal de Adamantina", "type": "rich"}