{"provider_url": "https://www.adamantina.sp.leg.br", "title": "Resumo 46\u00ba Sess\u00e3o Ordin\u00e1ria", "html": "<p style=\"text-align: justify; \">No \u00faltimo dia 18, esta Casa de Leis realizou a 46\u00aa Sess\u00e3o Ordin\u00e1ria.</p>\r\n<p style=\"text-align: justify; \">Conforme Circular 004/19 foram apreciados e votados os projetos como segue:</p>\r\n<p style=\"text-align: center; \"><b><span>********** EM DISCUSS\u00c3O \u00daNICA **********</span></b></p>\r\n<p><b style=\"text-align: justify; \">Projeto de Decreto Legislativo n\u00ba 001/19</b><span style=\"text-align: justify; \"> \u2013 Vereadores Eduardo Rodrigues Fiorillo, Maria de Lourdes Santos Gil e Aguinaldo Pires Galv\u00e3o \u2013 que \u201cConcede ao Ilustr\u00edssimo Senhor Diniz Par\u00fassolo Martins o t\u00edtulo de Cidad\u00e3o Adamantinense\u201d</span></p>\r\n<p style=\"text-align: justify; \"><b><span>Projeto de Decreto Legislativo n\u00ba 002/19</span></b> \u2013 Vereadores Maria de Lourdes Santos Gil, Aguinaldo Pires Galv\u00e3o, Eduardo Rodrigues Fiorillo e H\u00e9lio Jos\u00e9 dos Santos \u2013 que \u201cConcede ao Ilustr\u00edssimo Senhor Sizino Martins Vieira o t\u00edtulo de Cidad\u00e3o Adamantinense\u201d</p>\r\n<p style=\"text-align: justify; \"><b><span>Projeto de Decreto Legislativo n\u00ba 003/19</span></b> \u2013 Vereadores Maria de Lourdes Santos Gil, Aguinaldo Pires Galv\u00e3o e Eduardo Rodrigues Fiorillo \u2013 que \u201cConcede ao Ilustr\u00edssimo Senhor Jo\u00e3o Paulo de Castro o t\u00edtulo de Cidad\u00e3o Adamantinense\u201d</p>\r\n<p style=\"text-align: center; \"><b>********** EM PRIMEIRA DISCUSS\u00c3O **********</b></p>\r\n<p style=\"text-align: justify; \"><b>Projeto de Lei n\u00ba 009/19</b><span> - Vereadores Ac\u00e1cio Rocha Perez Guerrero, Alcio Roberto Ikeda J\u00fanior, Eder do Nascimento Ruete e Maria de Lourdes Santos Gil \u2013 que \u201cDeclara de Utilidade P\u00fablica Municipal o N\u00facleo de Apoio \u00e0 Vida de Adamantina - NAVIDAD\u201d e d\u00e1 outras provid\u00eancias.\u201d</span></p>\r\n<p style=\"text-align: justify; \"><span>TODOS OS PROJETOS FORAM APROVADOS POR UNANIMIDADE</span>.</p>\r\n<p style=\"text-align: justify; \"><span>Ainda, foram apresentados\u00a0<strong>30 Requerimentos</strong> e\u00a0<strong>40 Indica\u00e7\u00f5es</strong>.\u00a0</span></p>\r\n<p style=\"text-align: justify; \"><span>A reuni\u00e3o contou com a presen\u00e7a de todos os Vereadores, e estiveram presentes tamb\u00e9m representantes da imprensa escrita e falada e membros da comunidade.</span></p>\r\n<p style=\"text-align: justify; \"><span>A pr\u00f3xima Sess\u00e3o Ordin\u00e1ria, 47\u00aa, ser\u00e1 realizada dia 11 de Mar\u00e7o.</span></p>", "author_name": "adt", "version": "1.0", "author_url": "https://www.adamantina.sp.leg.br/author/adt", "provider_name": "C\u00e2mara Municipal de Adamantina", "type": "rich"}